{"id":1025,"date":"2026-03-06T17:16:09","date_gmt":"2026-03-06T16:16:09","guid":{"rendered":"https:\/\/www.google-sky.es\/blog\/?p=1025"},"modified":"2026-03-06T17:27:57","modified_gmt":"2026-03-06T16:27:57","slug":"eclipse-total-2027-espana","status":"publish","type":"post","link":"https:\/\/www.google-sky.es\/blog\/eclipse-total-2027-espana\/","title":{"rendered":"Eclipse Solar 2027 en Espa\u00f1a: Mejores ciudades, horarios y mapas"},"content":{"rendered":"\n<p>Tras el eclipse Solar de 2026, prep\u00e1rate para el <strong>2 de agosto de 2027<\/strong>. Espa\u00f1a volver\u00e1 a ser el epicentro de la astronom\u00eda mundial con un <strong>eclipse solar total<\/strong> que, en esta ocasi\u00f3n, cruzar\u00e1 el sur de la Pen\u00ednsula Ib\u00e9rica.<\/p>\n\n\n\n<p>A diferencia del eclipse de 2026 (que ocurrir\u00e1 cerca del atardecer), el de 2027 suceder\u00e1 a media ma\u00f1ana, con el Sol muy alto en el cielo, y tendr\u00e1 una <strong>duraci\u00f3n de la totalidad de casi 5 minutos<\/strong> en algunos puntos, convirti\u00e9ndose en uno de los eclipses m\u00e1s largos del siglo XXI.<\/p>\n\n\n\n<blockquote class=\"wp-block-quote has-background is-layout-flow wp-block-quote-is-layout-flow\" style=\"background-color:#f5f5f5\">\n<p><em><strong>\ud83d\udca1 \u00bfSab\u00edas que&#8230;?<\/strong> El m\u00e1ximo de este eclipse ocurrir\u00e1 en Egipto, cerca del Valle de los Reyes, con una duraci\u00f3n de 6 minutos y 23 segundos. En Espa\u00f1a, Ceuta ser\u00e1 el lugar privilegiado, con 4 minutos y 48 segundos de oscuridad total.<\/em><\/p>\n<\/blockquote>\n\n\n\n<h2 class=\"wp-block-heading\">\u00bfD\u00f3nde se ver\u00e1 el eclipse total de 2027 en Espa\u00f1a?<\/h2>\n\n\n\n<p>La franja de totalidad (donde la Luna cubrir\u00e1 el 100% del Sol) entrar\u00e1 por el Oc\u00e9ano Atl\u00e1ntico y recorrer\u00e1 el <strong>Estrecho de Gibraltar<\/strong>, afectando principalmente al sur de <strong>Andaluc\u00eda, Ceuta y Melilla<\/strong>.<\/p>\n\n\n\n<p>En el resto de Espa\u00f1a, el eclipse se ver\u00e1 como <strong>parcial<\/strong>, pero con un oscurecimiento muy alto:<\/p>\n\n\n\n<ul class=\"wp-block-list\">\n<li><strong>Sevilla:<\/strong> 98% de oscurecimiento.<\/li>\n\n\n\n<li><strong>Madrid:<\/strong> 86% de oscurecimiento.<\/li>\n\n\n\n<li><strong>Barcelona:<\/strong> 78% de oscurecimiento.<\/li>\n<\/ul>\n\n\n\n<figure class=\"wp-block-image size-large\"><img decoding=\"async\" src=\"https:\/\/astronomia.ign.es\/resources\/informacion-astronomica\/eclipses\/images\/27_DURTOT-OSC.jpg\" alt=\"\"\/><figcaption class=\"wp-element-caption\">Fuente: Observatorio Astron\u00f3mico Nacional \u2013 IGN<\/figcaption><\/figure>\n\n\n\n<h2 class=\"wp-block-heading\">Horarios y Visibilidad Eclipse 2027 en Espa\u00f1a<\/h2>\n\n\n\n<p>Si est\u00e1s planeando un viaje para presenciar la totalidad, estas son las ubicaciones principales donde la Luna cubrir\u00e1 el Sol por completo:<\/p>\n\n\n\n<ul class=\"wp-block-list\">\n<li><strong>En la Pen\u00ednsula:<\/strong> Las mejores provincias son <strong>C\u00e1diz<\/strong> y <strong>M\u00e1laga<\/strong>. Localidades como <strong>Tarifa, Algeciras, San Fernando, Chiclana, Marbella y Estepona<\/strong> estar\u00e1n en el centro de la franja.<\/li>\n\n\n\n<li><strong>Ciudades Aut\u00f3nomas:<\/strong> <strong>Ceuta<\/strong> y <strong>Melilla<\/strong> ser\u00e1n los mejores lugares de toda Espa\u00f1a, con la mayor duraci\u00f3n de oscuridad total (casi 5 minutos).<\/li>\n\n\n\n<li><strong>Resto de Andaluc\u00eda:<\/strong> Ciudades como <strong>Sevilla, Huelva, Jerez de la Frontera y Estepa<\/strong> se quedar\u00e1n a las puertas de la totalidad con un <strong>98-99% de oscurecimiento<\/strong>, ofreciendo una experiencia visual impresionante.<\/li>\n<\/ul>\n\n\n\n<figure class=\"wp-block-table\"><table class=\"has-fixed-layout\"><thead><tr><td><strong>Provincia \/ Ciudad<\/strong><\/td><td><strong>Tipo de Eclipse<\/strong><\/td><td><strong>Inicio<\/strong><\/td><td><strong>M\u00e1ximo<\/strong><\/td><td><strong>Fin<\/strong><\/td><td><strong>% Oscuridad<\/strong><\/td><\/tr><\/thead><tbody><tr><td><strong>\u00c1lava (Vitoria)<\/strong><\/td><td>Parcial<\/td><td>09:50<\/td><td>10:55<\/td><td>12:06<\/td><td>77%<\/td><\/tr><tr><td><strong>Albacete<\/strong><\/td><td>Parcial<\/td><td>09:47<\/td><td>10:56<\/td><td>12:11<\/td><td>91%<\/td><\/tr><tr><td><strong>Alicante<\/strong><\/td><td>Parcial<\/td><td>09:49<\/td><td>10:58<\/td><td>12:16<\/td><td>90%<\/td><\/tr><tr><td><strong>Almer\u00eda<\/strong><\/td><td>Parcial (Casi Total)<\/td><td>09:45<\/td><td>10:53<\/td><td>12:11<\/td><td>97%<\/td><\/tr><tr><td><strong>Asturias (Oviedo)<\/strong><\/td><td>Parcial<\/td><td>09:45<\/td><td>10:48<\/td><td>11:57<\/td><td>76%<\/td><\/tr><tr><td><strong>\u00c1vila<\/strong><\/td><td>Parcial<\/td><td>09:43<\/td><td>10:50<\/td><td>12:03<\/td><td>86%<\/td><\/tr><tr><td><strong>Badajoz<\/strong><\/td><td>Parcial (Casi Total)<\/td><td>09:39<\/td><td>10:45<\/td><td>11:58<\/td><td>93%<\/td><\/tr><tr><td><strong>Baleares (Palma)<\/strong><\/td><td>Parcial<\/td><td>09:56<\/td><td>11:06<\/td><td>12:24<\/td><td>81%<\/td><\/tr><tr><td><strong>Barcelona<\/strong><\/td><td>Parcial<\/td><td>10:00<\/td><td>11:09<\/td><td>12:25<\/td><td>78%<\/td><\/tr><tr><td><strong>Burgos<\/strong><\/td><td>Parcial<\/td><td>09:48<\/td><td>10:54<\/td><td>12:05<\/td><td>79%<\/td><\/tr><tr><td><strong>C\u00e1ceres<\/strong><\/td><td>Parcial<\/td><td>09:40<\/td><td>10:46<\/td><td>11:59<\/td><td>89%<\/td><\/tr><tr><td><strong>C\u00e1diz<\/strong><\/td><td><strong>TOTAL<\/strong><\/td><td>09:40<\/td><td><strong>10:47<\/strong><\/td><td>12:03<\/td><td><strong>100%<\/strong><\/td><\/tr><tr><td><strong>Cantabria (Santander)<\/strong><\/td><td>Parcial<\/td><td>09:50<\/td><td>10:54<\/td><td>12:04<\/td><td>75%<\/td><\/tr><tr><td><strong>Castell\u00f3n<\/strong><\/td><td>Parcial<\/td><td>09:54<\/td><td>11:03<\/td><td>12:20<\/td><td>83%<\/td><\/tr><tr><td><strong>Ceuta<\/strong><\/td><td><strong>TOTAL<\/strong><\/td><td>09:40<\/td><td><strong>10:49<\/strong><\/td><td>12:05<\/td><td><strong>100%<\/strong><\/td><\/tr><tr><td><strong>Ciudad Real<\/strong><\/td><td>Parcial<\/td><td>09:44<\/td><td>10:51<\/td><td>12:06<\/td><td>92%<\/td><\/tr><tr><td><strong>C\u00f3rdoba<\/strong><\/td><td>Parcial (Casi Total)<\/td><td>09:41<\/td><td>10:49<\/td><td>12:04<\/td><td>96%<\/td><\/tr><tr><td><strong>A Coru\u00f1a<\/strong><\/td><td>Parcial<\/td><td>09:39<\/td><td>10:41<\/td><td>11:49<\/td><td>75%<\/td><\/tr><tr><td><strong>Cuenca<\/strong><\/td><td>Parcial<\/td><td>09:48<\/td><td>10:56<\/td><td>12:10<\/td><td>88%<\/td><\/tr><tr><td><strong>Girona<\/strong><\/td><td>Parcial<\/td><td>10:02<\/td><td>11:13<\/td><td>12:29<\/td><td>76%<\/td><\/tr><tr><td><strong>Granada<\/strong><\/td><td>Parcial (Casi Total)<\/td><td>09:43<\/td><td>10:51<\/td><td>12:08<\/td><td>98%<\/td><\/tr><tr><td><strong>Guadalajara<\/strong><\/td><td>Parcial<\/td><td>09:47<\/td><td>10:55<\/td><td>12:09<\/td><td>86%<\/td><\/tr><tr><td><strong>Guip\u00fazcoa (S. Seb.)<\/strong><\/td><td>Parcial<\/td><td>09:53<\/td><td>10:59<\/td><td>12:11<\/td><td>75%<\/td><\/tr><tr><td><strong>Huelva<\/strong><\/td><td>Parcial (Casi Total)<\/td><td>09:38<\/td><td>10:45<\/td><td>11:59<\/td><td>99%<\/td><\/tr><tr><td><strong>Huesca<\/strong><\/td><td>Parcial<\/td><td>09:55<\/td><td>11:04<\/td><td>12:20<\/td><td>79%<\/td><\/tr><tr><td><strong>Ja\u00e9n<\/strong><\/td><td>Parcial (Casi Total)<\/td><td>09:43<\/td><td>10:51<\/td><td>12:07<\/td><td>96%<\/td><\/tr><tr><td><strong>Le\u00f3n<\/strong><\/td><td>Parcial<\/td><td>09:44<\/td><td>10:49<\/td><td>12:00<\/td><td>78%<\/td><\/tr><tr><td><strong>Lleida<\/strong><\/td><td>Parcial<\/td><td>09:57<\/td><td>11:06<\/td><td>12:21<\/td><td>80%<\/td><\/tr><tr><td><strong>Lugo<\/strong><\/td><td>Parcial<\/td><td>09:41<\/td><td>10:44<\/td><td>11:53<\/td><td>76%<\/td><\/tr><tr><td><strong>Madrid<\/strong><\/td><td>Parcial<\/td><td>09:44<\/td><td>10:51<\/td><td>12:05<\/td><td>86%<\/td><\/tr><tr><td><strong>M\u00e1laga<\/strong><\/td><td><strong>TOTAL<\/strong><\/td><td>09:42<\/td><td><strong>10:50<\/strong><\/td><td>12:07<\/td><td><strong>100%<\/strong><\/td><\/tr><tr><td><strong>Melilla<\/strong><\/td><td><strong>TOTAL<\/strong><\/td><td>09:44<\/td><td><strong>10:53<\/strong><\/td><td>12:10<\/td><td><strong>100%<\/strong><\/td><\/tr><tr><td><strong>Murcia<\/strong><\/td><td>Parcial (Casi Total)<\/td><td>09:47<\/td><td>10:56<\/td><td>12:14<\/td><td>93%<\/td><\/tr><tr><td><strong>Navarra (Pamplona)<\/strong><\/td><td>Parcial<\/td><td>09:52<\/td><td>11:00<\/td><td>12:13<\/td><td>77%<\/td><\/tr><tr><td><strong>Ourense<\/strong><\/td><td>Parcial<\/td><td>09:39<\/td><td>10:43<\/td><td>11:53<\/td><td>79%<\/td><\/tr><tr><td><strong>Palencia<\/strong><\/td><td>Parcial<\/td><td>09:46<\/td><td>10:51<\/td><td>12:02<\/td><td>80%<\/td><\/tr><tr><td><strong>Las Palmas (G.C.)<\/strong><\/td><td>Parcial<\/td><td>08:33<\/td><td>09:34<\/td><td>10:45<\/td><td>80%<\/td><\/tr><tr><td><strong>Pontevedra<\/strong><\/td><td>Parcial<\/td><td>09:38<\/td><td>10:41<\/td><td>11:50<\/td><td>77%<\/td><\/tr><tr><td><strong>La Rioja (Logro\u00f1o)<\/strong><\/td><td>Parcial<\/td><td>09:50<\/td><td>10:57<\/td><td>12:09<\/td><td>79%<\/td><\/tr><tr><td><strong>Salamanca<\/strong><\/td><td>Parcial<\/td><td>09:41<\/td><td>10:47<\/td><td>11:59<\/td><td>85%<\/td><\/tr><tr><td><strong>S.C. de Tenerife<\/strong><\/td><td>Parcial<\/td><td>08:31<\/td><td>09:32<\/td><td>10:42<\/td><td>80%<\/td><\/tr><tr><td><strong>Segovia<\/strong><\/td><td>Parcial<\/td><td>09:45<\/td><td>10:51<\/td><td>12:04<\/td><td>85%<\/td><\/tr><tr><td><strong>Sevilla<\/strong><\/td><td>Parcial (Casi Total)<\/td><td>09:40<\/td><td>10:48<\/td><td>12:03<\/td><td>98%<\/td><\/tr><tr><td><strong>Soria<\/strong><\/td><td>Parcial<\/td><td>09:49<\/td><td>10:57<\/td><td>12:10<\/td><td>82%<\/td><\/tr><tr><td><strong>Tarragona<\/strong><\/td><td>Parcial<\/td><td>09:57<\/td><td>11:06<\/td><td>12:22<\/td><td>81%<\/td><\/tr><tr><td><strong>Teruel<\/strong><\/td><td>Parcial<\/td><td>09:51<\/td><td>11:00<\/td><td>12:15<\/td><td>85%<\/td><\/tr><tr><td><strong>Toledo<\/strong><\/td><td>Parcial<\/td><td>09:43<\/td><td>10:50<\/td><td>12:04<\/td><td>88%<\/td><\/tr><tr><td><strong>Valencia<\/strong><\/td><td>Parcial<\/td><td>09:51<\/td><td>11:00<\/td><td>12:17<\/td><td>85%<\/td><\/tr><tr><td><strong>Valladolid<\/strong><\/td><td>Parcial<\/td><td>09:45<\/td><td>10:50<\/td><td>12:02<\/td><td>82%<\/td><\/tr><tr><td><strong>Vizcaya (Bilbao)<\/strong><\/td><td>Parcial<\/td><td>09:51<\/td><td>10:56<\/td><td>12:06<\/td><td>76%<\/td><\/tr><tr><td><strong>Zamora<\/strong><\/td><td>Parcial<\/td><td>09:43<\/td><td>10:48<\/td><td>12:00<\/td><td>82%<\/td><\/tr><tr><td><strong>Zaragoza<\/strong><\/td><td>Parcial<\/td><td>09:53<\/td><td>11:02<\/td><td>12:17<\/td><td>81%<\/td><\/tr><\/tbody><\/table><\/figure>\n\n\n\n<h2 class=\"wp-block-heading\">Consejos para observar el eclipse de forma segura<\/h2>\n\n\n\n<p>No importa si est\u00e1s en la franja de totalidad o en una zona de eclipse parcial, <strong>nunca debes mirar al Sol directamente<\/strong> sin protecci\u00f3n adecuada.<\/p>\n\n\n\n<ol start=\"1\" class=\"wp-block-list\">\n<li><strong>Gafas de eclipse homologadas:<\/strong> Deben cumplir la normativa ISO 12312-2.<\/li>\n\n\n\n<li><strong>Telescopios y prism\u00e1ticos:<\/strong> Solo con filtros solares profesionales en la apertura (nunca en el ocular).<\/li>\n\n\n\n<li><strong>C\u00e1maras:<\/strong> Necesitan filtros ND espec\u00edficos para no da\u00f1ar el sensor.<\/li>\n\n\n\n<li><strong>Durante la totalidad:<\/strong> Solo en los minutos donde la Luna cubre por completo el Sol (en el sur) se puede mirar a simple vista para observar la corona solar.<\/li>\n<\/ol>\n\n\n\n<h2 class=\"wp-block-heading\">FAQS: Eclipse Solar Espa\u00f1a 2027<\/h2>\n\n\n\n<div class=\"schema-faq wp-block-yoast-faq-block\"><div class=\"schema-faq-section\" id=\"faq-question-1772813112877\"><strong class=\"schema-faq-question\">\u00bfA qu\u00e9 hora es el eclipse del 2 de agosto de 2027?<\/strong> <p class=\"schema-faq-answer\">En Espa\u00f1a, el eclipse comenzar\u00e1 parcialmente alrededor de las 09:40 de la ma\u00f1ana. El punto m\u00e1ximo (totalidad) ocurrir\u00e1 entre las 10:45 y las 11:00, dependiendo de la ubicaci\u00f3n.<\/p> <\/div> <div class=\"schema-faq-section\" id=\"faq-question-1772813125116\"><strong class=\"schema-faq-question\">\u00bfD\u00f3nde durar\u00e1 m\u00e1s el eclipse en Espa\u00f1a?<\/strong> <p class=\"schema-faq-answer\">Ceuta ser\u00e1 el punto con mayor duraci\u00f3n de la oscuridad total, alcanzando los 4 minutos y 48 segundos. En la pen\u00ednsula, Algeciras y Tarifa superar\u00e1n los 4 minutos y 30 segundos.<\/p> <\/div> <div class=\"schema-faq-section\" id=\"faq-question-1772813138708\"><strong class=\"schema-faq-question\">\u00bfSe ver\u00e1 el eclipse de 2027 en Madrid?<\/strong> <p class=\"schema-faq-answer\">En Madrid el eclipse ser\u00e1 parcial. Se llegar\u00e1 a cubrir el 86% del disco solar, lo que provocar\u00e1 una notable bajada de luminosidad y temperatura, pero no llegar\u00e1 a hacerse de noche como en el sur.<\/p> <\/div> <div class=\"schema-faq-section\" id=\"faq-question-1772814056355\"><strong class=\"schema-faq-question\">\u00bfEn qu\u00e9 ciudades de Espa\u00f1a ser\u00e1 total el eclipse de 2027?<\/strong> <p class=\"schema-faq-answer\">La franja de totalidad cruzar\u00e1 el extremo sur de la Pen\u00ednsula Ib\u00e9rica y las ciudades aut\u00f3nomas. Las principales localidades donde se podr\u00e1 ver el eclipse solar total (100% de oscuridad) son <strong>Ceuta, Melilla, C\u00e1diz, Algeciras, Tarifa, San Fernando, Chiclana de la Frontera, Marbella, Estepona y M\u00e1laga<\/strong>. En estas zonas, la Luna cubrir\u00e1 por completo el Sol durante varios minutos, permitiendo ver la corona solar a simple vista.<\/p> <\/div> <\/div>\n\n\n\n<hr class=\"wp-block-separator has-alpha-channel-opacity\"\/>\n\n\n\n<h2 class=\"wp-block-heading\">Publicaciones relacionadas<\/h2>\n\n\n<style>\n        .relacionados-item-mini {\n            display: flex;\n            gap: 12px;\n            margin-bottom: 12px;\n            align-items: center;\n            padding-bottom: 10px;\n            border-bottom: 1px dotted #ddd;\n        }\n        .relacionados-image-mini {\n            flex: 0 0 70px;\n            width: 70px;\n            height: 70px;\n        }\n        .relacionados-image-mini img {\n            width: 70px;\n            height: 70px;\n            object-fit: cover;\n            border-radius: 3px;\n            display: block;\n        }\n        .relacionados-content-mini {\n            flex: 1;\n        }\n        .relacionados-content-mini h4 {\n            margin: 0 0 3px 0 !important;\n            font-size: 1.05em !important;\n            line-height: 1.2;\n        }\n        .relacionados-content-mini h4 a {\n            text-decoration: none;\n            color: #222;\n            transition: color 0.2s ease;\n        }\n        .relacionados-content-mini h4 a:hover {\n            color: #0073aa !important;\n        }\n        .relacionados-content-mini p {\n            margin: 0;\n            font-size: 0.85em;\n            color: #666;\n            line-height: 1.3;\n        }\n\n        @media (max-width: 600px) {\n            .relacionados-content-mini p {\n                display: none;\n            }\n            .relacionados-item-mini {\n                gap: 15px;\n                align-items: center;\n            }\n            .relacionados-content-mini h4 {\n                font-size: 1em !important;\n                margin: 0 !important;\n            }\n        }\n    <\/style><div class=\"lista-relacionados-mini\"><div class=\"relacionados-item-mini\"><div class=\"relacionados-image-mini\"><a href=\"https:\/\/www.google-sky.es\/blog\/mujeres-astronomia-historia\/\"><img loading=\"lazy\" decoding=\"async\" width=\"70\" height=\"70\" src=\"https:\/\/www.google-sky.es\/blog\/wp-content\/uploads\/2026\/02\/Margaret_Hamilton-150x150.gif\" class=\"attachment-70x70 size-70x70 wp-post-image\" alt=\"Margaret Hamilton junto al c\u00f3digo de programaci\u00f3n del Apolo 11\" \/><\/a><\/div><div class=\"relacionados-content-mini\"><h4><a href=\"https:\/\/www.google-sky.es\/blog\/mujeres-astronomia-historia\/\">Mujeres en la astronom\u00eda que conquistaron el espacio<\/a><\/h4><p>Hoy celebramos el D\u00eda Internacional de la Mujer, y en el mundo&hellip;<\/p><\/div><\/div><div class=\"relacionados-item-mini\"><div class=\"relacionados-image-mini\"><a href=\"https:\/\/www.google-sky.es\/blog\/mercurio-retrogrado\/\"><img loading=\"lazy\" decoding=\"async\" width=\"70\" height=\"70\" src=\"https:\/\/www.google-sky.es\/blog\/wp-content\/uploads\/2025\/04\/Mercury_in_color-150x150.jpg\" class=\"attachment-70x70 size-70x70 wp-post-image\" alt=\"La imagen fue tomada por la sonda MESSENGER y muestra la superficie llena de cr\u00e1teres de Mercurio, muy parecida a la de la Luna.\" srcset=\"https:\/\/www.google-sky.es\/blog\/wp-content\/uploads\/2025\/04\/Mercury_in_color-150x150.jpg 150w, https:\/\/www.google-sky.es\/blog\/wp-content\/uploads\/2025\/04\/Mercury_in_color-300x298.jpg 300w, https:\/\/www.google-sky.es\/blog\/wp-content\/uploads\/2025\/04\/Mercury_in_color-1024x1016.jpg 1024w, https:\/\/www.google-sky.es\/blog\/wp-content\/uploads\/2025\/04\/Mercury_in_color-768x762.jpg 768w, https:\/\/www.google-sky.es\/blog\/wp-content\/uploads\/2025\/04\/Mercury_in_color.jpg 1089w\" sizes=\"auto, (max-width: 70px) 100vw, 70px\" \/><\/a><\/div><div class=\"relacionados-content-mini\"><h4><a href=\"https:\/\/www.google-sky.es\/blog\/mercurio-retrogrado\/\">Mercurio retr\u00f3grado en 2026: \u00bfRealidad astron\u00f3mica o puro mito?<\/a><\/h4><p>Es el fen\u00f3meno del que todo el mundo habla, el culpable de&hellip;<\/p><\/div><\/div><div class=\"relacionados-item-mini\"><div class=\"relacionados-image-mini\"><a href=\"https:\/\/www.google-sky.es\/blog\/eclipse-total-2026-espana\/\"><img loading=\"lazy\" decoding=\"async\" width=\"70\" height=\"70\" src=\"https:\/\/www.google-sky.es\/blog\/wp-content\/uploads\/2026\/01\/elipse-solar-espana-150x150.jpg\" class=\"attachment-70x70 size-70x70 wp-post-image\" alt=\"Eclipse solar total mostrando la corona solar blanca en un cielo oscuro\" srcset=\"https:\/\/www.google-sky.es\/blog\/wp-content\/uploads\/2026\/01\/elipse-solar-espana-150x150.jpg 150w, https:\/\/www.google-sky.es\/blog\/wp-content\/uploads\/2026\/01\/elipse-solar-espana-300x300.jpg 300w, https:\/\/www.google-sky.es\/blog\/wp-content\/uploads\/2026\/01\/elipse-solar-espana-1024x1024.jpg 1024w, https:\/\/www.google-sky.es\/blog\/wp-content\/uploads\/2026\/01\/elipse-solar-espana-768x768.jpg 768w, https:\/\/www.google-sky.es\/blog\/wp-content\/uploads\/2026\/01\/elipse-solar-espana.jpg 1280w\" sizes=\"auto, (max-width: 70px) 100vw, 70px\" \/><\/a><\/div><div class=\"relacionados-content-mini\"><h4><a href=\"https:\/\/www.google-sky.es\/blog\/eclipse-total-2026-espana\/\">Eclipse Solar 2026 en Espa\u00f1a: Horarios y mejores ciudades para verlo<\/a><\/h4><p>El pr\u00f3ximo 12 de agosto de 2026, Espa\u00f1a vivir\u00e1 un evento astron\u00f3mico&hellip;<\/p><\/div><\/div><div class=\"relacionados-item-mini\"><div class=\"relacionados-image-mini\"><a href=\"https:\/\/www.google-sky.es\/blog\/calendario-astronomico-espana\/\"><img loading=\"lazy\" decoding=\"async\" width=\"70\" height=\"70\" src=\"https:\/\/www.google-sky.es\/blog\/wp-content\/uploads\/2026\/01\/eclipse-solar-150x150.jpg\" class=\"attachment-70x70 size-70x70 wp-post-image\" alt=\"Eclipse solar total visible desde Espa\u00f1a\" srcset=\"https:\/\/www.google-sky.es\/blog\/wp-content\/uploads\/2026\/01\/eclipse-solar-150x150.jpg 150w, https:\/\/www.google-sky.es\/blog\/wp-content\/uploads\/2026\/01\/eclipse-solar-300x300.jpg 300w, https:\/\/www.google-sky.es\/blog\/wp-content\/uploads\/2026\/01\/eclipse-solar-1024x1024.jpg 1024w, https:\/\/www.google-sky.es\/blog\/wp-content\/uploads\/2026\/01\/eclipse-solar-768x768.jpg 768w, https:\/\/www.google-sky.es\/blog\/wp-content\/uploads\/2026\/01\/eclipse-solar-1536x1536.jpg 1536w, https:\/\/www.google-sky.es\/blog\/wp-content\/uploads\/2026\/01\/eclipse-solar-1300x1300.jpg 1300w, https:\/\/www.google-sky.es\/blog\/wp-content\/uploads\/2026\/01\/eclipse-solar.jpg 1919w\" sizes=\"auto, (max-width: 70px) 100vw, 70px\" \/><\/a><\/div><div class=\"relacionados-content-mini\"><h4><a href=\"https:\/\/www.google-sky.es\/blog\/calendario-astronomico-espana\/\">Calendario Astron\u00f3mico en Espa\u00f1a: Eventos y Eclipses (Actualizado 2026)<\/a><\/h4><p>Espa\u00f1a vivir\u00e1 uno de los espect\u00e1culos astron\u00f3micos m\u00e1s impresionantes de su historia&hellip;<\/p><\/div><\/div><div class=\"relacionados-item-mini\"><div class=\"relacionados-image-mini\"><a href=\"https:\/\/www.google-sky.es\/blog\/nueva-luna-urano-james-webb\/\"><img loading=\"lazy\" decoding=\"async\" width=\"70\" height=\"70\" src=\"https:\/\/www.google-sky.es\/blog\/wp-content\/uploads\/2025\/04\/Uranus_Voyager2-150x150.png\" class=\"attachment-70x70 size-70x70 wp-post-image\" alt=\"Esta es una de las im\u00e1genes m\u00e1s representativas de Urano, capturada por la nave espacial Voyager 2 en 1986\" srcset=\"https:\/\/www.google-sky.es\/blog\/wp-content\/uploads\/2025\/04\/Uranus_Voyager2-150x150.png 150w, https:\/\/www.google-sky.es\/blog\/wp-content\/uploads\/2025\/04\/Uranus_Voyager2-300x300.png 300w, https:\/\/www.google-sky.es\/blog\/wp-content\/uploads\/2025\/04\/Uranus_Voyager2-768x768.png 768w, https:\/\/www.google-sky.es\/blog\/wp-content\/uploads\/2025\/04\/Uranus_Voyager2.png 830w\" sizes=\"auto, (max-width: 70px) 100vw, 70px\" \/><\/a><\/div><div class=\"relacionados-content-mini\"><h4><a href=\"https:\/\/www.google-sky.es\/blog\/nueva-luna-urano-james-webb\/\">Nueva luna de Urano descubierta por James Webb<\/a><\/h4><p>El Telescopio Espacial James Webb (JWST) acaba de lograr un hallazgo hist\u00f3rico:&hellip;<\/p><\/div><\/div><\/div>\n","protected":false},"excerpt":{"rendered":"<p>Tras el eclipse Solar de 2026, prep\u00e1rate para el 2 de agosto de 2027. Espa\u00f1a volver\u00e1 a ser el epicentro de la astronom\u00eda mundial con&hellip;<\/p>\n","protected":false},"author":1,"featured_media":228,"comment_status":"closed","ping_status":"closed","sticky":false,"template":"","format":"standard","meta":{"_sitemap_exclude":false,"_sitemap_priority":"","_sitemap_frequency":"","footnotes":""},"categories":[19],"tags":[203,7],"class_list":["post-1025","post","type-post","status-publish","format-standard","has-post-thumbnail","hentry","category-astronomia-cosmos","tag-eventos-noticias","tag-sol"],"yoast_head":"<!-- This site is optimized with the Yoast SEO plugin v27.1.1 - https:\/\/yoast.com\/product\/yoast-seo-wordpress\/ -->\n<title>Eclipse Solar 2027 en Espa\u00f1a: Mejores ciudades, horarios y mapas - Google Sky<\/title>\n<meta name=\"description\" content=\"Gu\u00eda completa del eclipse solar total del 2 de agosto de 2027 en Espa\u00f1a. Descubre d\u00f3nde se ver\u00e1 la totalidad, horarios por ciudad y consejos para verlo.\" \/>\n<meta name=\"robots\" content=\"index, follow, max-snippet:-1, max-image-preview:large, max-video-preview:-1\" \/>\n<link rel=\"canonical\" href=\"https:\/\/www.google-sky.es\/blog\/eclipse-total-2027-espana\/\" \/>\n<meta property=\"og:locale\" content=\"es_ES\" \/>\n<meta property=\"og:type\" content=\"article\" \/>\n<meta property=\"og:title\" content=\"Eclipse Solar 2027 en Espa\u00f1a: Mejores ciudades, horarios y mapas\" \/>\n<meta property=\"og:description\" content=\"Gu\u00eda completa del eclipse solar total del 2 de agosto de 2027 en Espa\u00f1a. Descubre d\u00f3nde se ver\u00e1 la totalidad, horarios por ciudad y consejos para verlo.\" \/>\n<meta property=\"og:url\" content=\"https:\/\/www.google-sky.es\/blog\/eclipse-total-2027-espana\/\" \/>\n<meta property=\"og:site_name\" content=\"Google Sky\" \/>\n<meta property=\"article:published_time\" content=\"2026-03-06T16:16:09+00:00\" \/>\n<meta property=\"article:modified_time\" content=\"2026-03-06T16:27:57+00:00\" \/>\n<meta property=\"og:image\" content=\"https:\/\/www.google-sky.es\/blog\/wp-content\/uploads\/2026\/01\/elipse-solar-espana.jpg\" \/>\n\t<meta property=\"og:image:width\" content=\"1280\" \/>\n\t<meta property=\"og:image:height\" content=\"1280\" \/>\n\t<meta property=\"og:image:type\" content=\"image\/jpeg\" \/>\n<meta name=\"author\" content=\"admin\" \/>\n<meta name=\"twitter:card\" content=\"summary_large_image\" \/>\n<meta name=\"twitter:label1\" content=\"Escrito por\" \/>\n\t<meta name=\"twitter:data1\" content=\"admin\" \/>\n\t<meta name=\"twitter:label2\" content=\"Tiempo de lectura\" \/>\n\t<meta name=\"twitter:data2\" content=\"5 minutos\" \/>\n<script type=\"application\/ld+json\" class=\"yoast-schema-graph\">{\"@context\":\"https:\/\/schema.org\",\"@graph\":[{\"@type\":\"Article\",\"@id\":\"https:\/\/www.google-sky.es\/blog\/eclipse-total-2027-espana\/#article\",\"isPartOf\":{\"@id\":\"https:\/\/www.google-sky.es\/blog\/eclipse-total-2027-espana\/\"},\"author\":{\"name\":\"admin\",\"@id\":\"https:\/\/www.google-sky.es\/blog\/#\/schema\/person\/ffb7038735a98db15c2660d3434319aa\"},\"headline\":\"Eclipse Solar 2027 en Espa\u00f1a: Mejores ciudades, horarios y mapas\",\"datePublished\":\"2026-03-06T16:16:09+00:00\",\"dateModified\":\"2026-03-06T16:27:57+00:00\",\"mainEntityOfPage\":{\"@id\":\"https:\/\/www.google-sky.es\/blog\/eclipse-total-2027-espana\/\"},\"wordCount\":820,\"publisher\":{\"@id\":\"https:\/\/www.google-sky.es\/blog\/#organization\"},\"image\":{\"@id\":\"https:\/\/www.google-sky.es\/blog\/eclipse-total-2027-espana\/#primaryimage\"},\"thumbnailUrl\":\"https:\/\/www.google-sky.es\/blog\/wp-content\/uploads\/2025\/04\/eclipse_solar.png\",\"keywords\":[\"Eventos y Noticias\",\"Sol\"],\"articleSection\":[\"Astronom\u00eda y Cosmos\"],\"inLanguage\":\"es\"},{\"@type\":[\"WebPage\",\"ItemPage\",\"FAQPage\"],\"@id\":\"https:\/\/www.google-sky.es\/blog\/eclipse-total-2027-espana\/\",\"url\":\"https:\/\/www.google-sky.es\/blog\/eclipse-total-2027-espana\/\",\"name\":\"Eclipse Solar 2027 en Espa\u00f1a: Mejores ciudades, horarios y mapas - Google Sky\",\"isPartOf\":{\"@id\":\"https:\/\/www.google-sky.es\/blog\/#website\"},\"primaryImageOfPage\":{\"@id\":\"https:\/\/www.google-sky.es\/blog\/eclipse-total-2027-espana\/#primaryimage\"},\"image\":{\"@id\":\"https:\/\/www.google-sky.es\/blog\/eclipse-total-2027-espana\/#primaryimage\"},\"thumbnailUrl\":\"https:\/\/www.google-sky.es\/blog\/wp-content\/uploads\/2025\/04\/eclipse_solar.png\",\"datePublished\":\"2026-03-06T16:16:09+00:00\",\"dateModified\":\"2026-03-06T16:27:57+00:00\",\"description\":\"Gu\u00eda completa del eclipse solar total del 2 de agosto de 2027 en Espa\u00f1a. Descubre d\u00f3nde se ver\u00e1 la totalidad, horarios por ciudad y consejos para verlo.\",\"breadcrumb\":{\"@id\":\"https:\/\/www.google-sky.es\/blog\/eclipse-total-2027-espana\/#breadcrumb\"},\"mainEntity\":[{\"@id\":\"https:\/\/www.google-sky.es\/blog\/eclipse-total-2027-espana\/#faq-question-1772813112877\"},{\"@id\":\"https:\/\/www.google-sky.es\/blog\/eclipse-total-2027-espana\/#faq-question-1772813125116\"},{\"@id\":\"https:\/\/www.google-sky.es\/blog\/eclipse-total-2027-espana\/#faq-question-1772813138708\"},{\"@id\":\"https:\/\/www.google-sky.es\/blog\/eclipse-total-2027-espana\/#faq-question-1772814056355\"}],\"inLanguage\":\"es\",\"potentialAction\":[{\"@type\":\"ReadAction\",\"target\":[\"https:\/\/www.google-sky.es\/blog\/eclipse-total-2027-espana\/\"]}]},{\"@type\":\"ImageObject\",\"inLanguage\":\"es\",\"@id\":\"https:\/\/www.google-sky.es\/blog\/eclipse-total-2027-espana\/#primaryimage\",\"url\":\"https:\/\/www.google-sky.es\/blog\/wp-content\/uploads\/2025\/04\/eclipse_solar.png\",\"contentUrl\":\"https:\/\/www.google-sky.es\/blog\/wp-content\/uploads\/2025\/04\/eclipse_solar.png\",\"width\":1024,\"height\":1024,\"caption\":\"Durante un eclipse solar total, la Luna se alinea perfectamente entre la Tierra y el Sol, bloqueando su luz directa.\"},{\"@type\":\"BreadcrumbList\",\"@id\":\"https:\/\/www.google-sky.es\/blog\/eclipse-total-2027-espana\/#breadcrumb\",\"itemListElement\":[{\"@type\":\"ListItem\",\"position\":1,\"name\":\"Portada\",\"item\":\"https:\/\/www.google-sky.es\/blog\/\"},{\"@type\":\"ListItem\",\"position\":2,\"name\":\"Astronom\u00eda y Cosmos\",\"item\":\"https:\/\/www.google-sky.es\/blog\/category\/astronomia-cosmos\/\"},{\"@type\":\"ListItem\",\"position\":3,\"name\":\"Eclipse Solar 2027 en Espa\u00f1a: Mejores ciudades, horarios y mapas\"}]},{\"@type\":\"WebSite\",\"@id\":\"https:\/\/www.google-sky.es\/blog\/#website\",\"url\":\"https:\/\/www.google-sky.es\/blog\/\",\"name\":\"Google Sky\",\"description\":\"Google Sky: Sum\u00e9rgete en la astronom\u00eda y aprende sobre el Sistema Solar, los fascinantes planetas, la vida de las estrellas, los enigm\u00e1ticos agujeros negros y las bellas constelaciones. Art\u00edculos, noticias y curiosidades del cosmos.\",\"publisher\":{\"@id\":\"https:\/\/www.google-sky.es\/blog\/#organization\"},\"potentialAction\":[{\"@type\":\"SearchAction\",\"target\":{\"@type\":\"EntryPoint\",\"urlTemplate\":\"https:\/\/www.google-sky.es\/blog\/?s={search_term_string}\"},\"query-input\":{\"@type\":\"PropertyValueSpecification\",\"valueRequired\":true,\"valueName\":\"search_term_string\"}}],\"inLanguage\":\"es\"},{\"@type\":\"Organization\",\"@id\":\"https:\/\/www.google-sky.es\/blog\/#organization\",\"name\":\"Google Sky\",\"url\":\"https:\/\/www.google-sky.es\/blog\/\",\"logo\":{\"@type\":\"ImageObject\",\"inLanguage\":\"es\",\"@id\":\"https:\/\/www.google-sky.es\/blog\/#\/schema\/logo\/image\/\",\"url\":\"https:\/\/www.google-sky.es\/blog\/wp-content\/uploads\/2025\/04\/cropped-google_sky_logo.png\",\"contentUrl\":\"https:\/\/www.google-sky.es\/blog\/wp-content\/uploads\/2025\/04\/cropped-google_sky_logo.png\",\"width\":981,\"height\":333,\"caption\":\"Google Sky\"},\"image\":{\"@id\":\"https:\/\/www.google-sky.es\/blog\/#\/schema\/logo\/image\/\"}},{\"@type\":\"Person\",\"@id\":\"https:\/\/www.google-sky.es\/blog\/#\/schema\/person\/ffb7038735a98db15c2660d3434319aa\",\"name\":\"admin\",\"image\":{\"@type\":\"ImageObject\",\"inLanguage\":\"es\",\"@id\":\"https:\/\/www.google-sky.es\/blog\/#\/schema\/person\/image\/\",\"url\":\"https:\/\/secure.gravatar.com\/avatar\/e57761ab13aa8d11553053a9e71fad5fc3a424237db7259dd2b6d457ad424dd2?s=96&d=mm&r=g\",\"contentUrl\":\"https:\/\/secure.gravatar.com\/avatar\/e57761ab13aa8d11553053a9e71fad5fc3a424237db7259dd2b6d457ad424dd2?s=96&d=mm&r=g\",\"caption\":\"admin\"},\"sameAs\":[\"https:\/\/www.google-sky.es\/blog\"],\"url\":\"https:\/\/www.google-sky.es\/blog\/author\/g-sky\/\"},{\"@type\":\"Question\",\"@id\":\"https:\/\/www.google-sky.es\/blog\/eclipse-total-2027-espana\/#faq-question-1772813112877\",\"position\":1,\"url\":\"https:\/\/www.google-sky.es\/blog\/eclipse-total-2027-espana\/#faq-question-1772813112877\",\"name\":\"\u00bfA qu\u00e9 hora es el eclipse del 2 de agosto de 2027?\",\"answerCount\":1,\"acceptedAnswer\":{\"@type\":\"Answer\",\"text\":\"En Espa\u00f1a, el eclipse comenzar\u00e1 parcialmente alrededor de las 09:40 de la ma\u00f1ana. El punto m\u00e1ximo (totalidad) ocurrir\u00e1 entre las 10:45 y las 11:00, dependiendo de la ubicaci\u00f3n.\",\"inLanguage\":\"es\"},\"inLanguage\":\"es\"},{\"@type\":\"Question\",\"@id\":\"https:\/\/www.google-sky.es\/blog\/eclipse-total-2027-espana\/#faq-question-1772813125116\",\"position\":2,\"url\":\"https:\/\/www.google-sky.es\/blog\/eclipse-total-2027-espana\/#faq-question-1772813125116\",\"name\":\"\u00bfD\u00f3nde durar\u00e1 m\u00e1s el eclipse en Espa\u00f1a?\",\"answerCount\":1,\"acceptedAnswer\":{\"@type\":\"Answer\",\"text\":\"Ceuta ser\u00e1 el punto con mayor duraci\u00f3n de la oscuridad total, alcanzando los 4 minutos y 48 segundos. En la pen\u00ednsula, Algeciras y Tarifa superar\u00e1n los 4 minutos y 30 segundos.\",\"inLanguage\":\"es\"},\"inLanguage\":\"es\"},{\"@type\":\"Question\",\"@id\":\"https:\/\/www.google-sky.es\/blog\/eclipse-total-2027-espana\/#faq-question-1772813138708\",\"position\":3,\"url\":\"https:\/\/www.google-sky.es\/blog\/eclipse-total-2027-espana\/#faq-question-1772813138708\",\"name\":\"\u00bfSe ver\u00e1 el eclipse de 2027 en Madrid?\",\"answerCount\":1,\"acceptedAnswer\":{\"@type\":\"Answer\",\"text\":\"En Madrid el eclipse ser\u00e1 parcial. Se llegar\u00e1 a cubrir el 86% del disco solar, lo que provocar\u00e1 una notable bajada de luminosidad y temperatura, pero no llegar\u00e1 a hacerse de noche como en el sur.\",\"inLanguage\":\"es\"},\"inLanguage\":\"es\"},{\"@type\":\"Question\",\"@id\":\"https:\/\/www.google-sky.es\/blog\/eclipse-total-2027-espana\/#faq-question-1772814056355\",\"position\":4,\"url\":\"https:\/\/www.google-sky.es\/blog\/eclipse-total-2027-espana\/#faq-question-1772814056355\",\"name\":\"\u00bfEn qu\u00e9 ciudades de Espa\u00f1a ser\u00e1 total el eclipse de 2027?\",\"answerCount\":1,\"acceptedAnswer\":{\"@type\":\"Answer\",\"text\":\"La franja de totalidad cruzar\u00e1 el extremo sur de la Pen\u00ednsula Ib\u00e9rica y las ciudades aut\u00f3nomas. Las principales localidades donde se podr\u00e1 ver el eclipse solar total (100% de oscuridad) son <strong>Ceuta, Melilla, C\u00e1diz, Algeciras, Tarifa, San Fernando, Chiclana de la Frontera, Marbella, Estepona y M\u00e1laga<\/strong>. En estas zonas, la Luna cubrir\u00e1 por completo el Sol durante varios minutos, permitiendo ver la corona solar a simple vista.\",\"inLanguage\":\"es\"},\"inLanguage\":\"es\"}]}<\/script>\n<!-- \/ Yoast SEO plugin. -->","yoast_head_json":{"title":"Eclipse Solar 2027 en Espa\u00f1a: Mejores ciudades, horarios y mapas - Google Sky","description":"Gu\u00eda completa del eclipse solar total del 2 de agosto de 2027 en Espa\u00f1a. Descubre d\u00f3nde se ver\u00e1 la totalidad, horarios por ciudad y consejos para verlo.","robots":{"index":"index","follow":"follow","max-snippet":"max-snippet:-1","max-image-preview":"max-image-preview:large","max-video-preview":"max-video-preview:-1"},"canonical":"https:\/\/www.google-sky.es\/blog\/eclipse-total-2027-espana\/","og_locale":"es_ES","og_type":"article","og_title":"Eclipse Solar 2027 en Espa\u00f1a: Mejores ciudades, horarios y mapas","og_description":"Gu\u00eda completa del eclipse solar total del 2 de agosto de 2027 en Espa\u00f1a. Descubre d\u00f3nde se ver\u00e1 la totalidad, horarios por ciudad y consejos para verlo.","og_url":"https:\/\/www.google-sky.es\/blog\/eclipse-total-2027-espana\/","og_site_name":"Google Sky","article_published_time":"2026-03-06T16:16:09+00:00","article_modified_time":"2026-03-06T16:27:57+00:00","og_image":[{"width":1280,"height":1280,"url":"https:\/\/www.google-sky.es\/blog\/wp-content\/uploads\/2026\/01\/elipse-solar-espana.jpg","type":"image\/jpeg"}],"author":"admin","twitter_card":"summary_large_image","twitter_misc":{"Escrito por":"admin","Tiempo de lectura":"5 minutos"},"schema":{"@context":"https:\/\/schema.org","@graph":[{"@type":"Article","@id":"https:\/\/www.google-sky.es\/blog\/eclipse-total-2027-espana\/#article","isPartOf":{"@id":"https:\/\/www.google-sky.es\/blog\/eclipse-total-2027-espana\/"},"author":{"name":"admin","@id":"https:\/\/www.google-sky.es\/blog\/#\/schema\/person\/ffb7038735a98db15c2660d3434319aa"},"headline":"Eclipse Solar 2027 en Espa\u00f1a: Mejores ciudades, horarios y mapas","datePublished":"2026-03-06T16:16:09+00:00","dateModified":"2026-03-06T16:27:57+00:00","mainEntityOfPage":{"@id":"https:\/\/www.google-sky.es\/blog\/eclipse-total-2027-espana\/"},"wordCount":820,"publisher":{"@id":"https:\/\/www.google-sky.es\/blog\/#organization"},"image":{"@id":"https:\/\/www.google-sky.es\/blog\/eclipse-total-2027-espana\/#primaryimage"},"thumbnailUrl":"https:\/\/www.google-sky.es\/blog\/wp-content\/uploads\/2025\/04\/eclipse_solar.png","keywords":["Eventos y Noticias","Sol"],"articleSection":["Astronom\u00eda y Cosmos"],"inLanguage":"es"},{"@type":["WebPage","ItemPage","FAQPage"],"@id":"https:\/\/www.google-sky.es\/blog\/eclipse-total-2027-espana\/","url":"https:\/\/www.google-sky.es\/blog\/eclipse-total-2027-espana\/","name":"Eclipse Solar 2027 en Espa\u00f1a: Mejores ciudades, horarios y mapas - Google Sky","isPartOf":{"@id":"https:\/\/www.google-sky.es\/blog\/#website"},"primaryImageOfPage":{"@id":"https:\/\/www.google-sky.es\/blog\/eclipse-total-2027-espana\/#primaryimage"},"image":{"@id":"https:\/\/www.google-sky.es\/blog\/eclipse-total-2027-espana\/#primaryimage"},"thumbnailUrl":"https:\/\/www.google-sky.es\/blog\/wp-content\/uploads\/2025\/04\/eclipse_solar.png","datePublished":"2026-03-06T16:16:09+00:00","dateModified":"2026-03-06T16:27:57+00:00","description":"Gu\u00eda completa del eclipse solar total del 2 de agosto de 2027 en Espa\u00f1a. Descubre d\u00f3nde se ver\u00e1 la totalidad, horarios por ciudad y consejos para verlo.","breadcrumb":{"@id":"https:\/\/www.google-sky.es\/blog\/eclipse-total-2027-espana\/#breadcrumb"},"mainEntity":[{"@id":"https:\/\/www.google-sky.es\/blog\/eclipse-total-2027-espana\/#faq-question-1772813112877"},{"@id":"https:\/\/www.google-sky.es\/blog\/eclipse-total-2027-espana\/#faq-question-1772813125116"},{"@id":"https:\/\/www.google-sky.es\/blog\/eclipse-total-2027-espana\/#faq-question-1772813138708"},{"@id":"https:\/\/www.google-sky.es\/blog\/eclipse-total-2027-espana\/#faq-question-1772814056355"}],"inLanguage":"es","potentialAction":[{"@type":"ReadAction","target":["https:\/\/www.google-sky.es\/blog\/eclipse-total-2027-espana\/"]}]},{"@type":"ImageObject","inLanguage":"es","@id":"https:\/\/www.google-sky.es\/blog\/eclipse-total-2027-espana\/#primaryimage","url":"https:\/\/www.google-sky.es\/blog\/wp-content\/uploads\/2025\/04\/eclipse_solar.png","contentUrl":"https:\/\/www.google-sky.es\/blog\/wp-content\/uploads\/2025\/04\/eclipse_solar.png","width":1024,"height":1024,"caption":"Durante un eclipse solar total, la Luna se alinea perfectamente entre la Tierra y el Sol, bloqueando su luz directa."},{"@type":"BreadcrumbList","@id":"https:\/\/www.google-sky.es\/blog\/eclipse-total-2027-espana\/#breadcrumb","itemListElement":[{"@type":"ListItem","position":1,"name":"Portada","item":"https:\/\/www.google-sky.es\/blog\/"},{"@type":"ListItem","position":2,"name":"Astronom\u00eda y Cosmos","item":"https:\/\/www.google-sky.es\/blog\/category\/astronomia-cosmos\/"},{"@type":"ListItem","position":3,"name":"Eclipse Solar 2027 en Espa\u00f1a: Mejores ciudades, horarios y mapas"}]},{"@type":"WebSite","@id":"https:\/\/www.google-sky.es\/blog\/#website","url":"https:\/\/www.google-sky.es\/blog\/","name":"Google Sky","description":"Google Sky: Sum\u00e9rgete en la astronom\u00eda y aprende sobre el Sistema Solar, los fascinantes planetas, la vida de las estrellas, los enigm\u00e1ticos agujeros negros y las bellas constelaciones. Art\u00edculos, noticias y curiosidades del cosmos.","publisher":{"@id":"https:\/\/www.google-sky.es\/blog\/#organization"},"potentialAction":[{"@type":"SearchAction","target":{"@type":"EntryPoint","urlTemplate":"https:\/\/www.google-sky.es\/blog\/?s={search_term_string}"},"query-input":{"@type":"PropertyValueSpecification","valueRequired":true,"valueName":"search_term_string"}}],"inLanguage":"es"},{"@type":"Organization","@id":"https:\/\/www.google-sky.es\/blog\/#organization","name":"Google Sky","url":"https:\/\/www.google-sky.es\/blog\/","logo":{"@type":"ImageObject","inLanguage":"es","@id":"https:\/\/www.google-sky.es\/blog\/#\/schema\/logo\/image\/","url":"https:\/\/www.google-sky.es\/blog\/wp-content\/uploads\/2025\/04\/cropped-google_sky_logo.png","contentUrl":"https:\/\/www.google-sky.es\/blog\/wp-content\/uploads\/2025\/04\/cropped-google_sky_logo.png","width":981,"height":333,"caption":"Google Sky"},"image":{"@id":"https:\/\/www.google-sky.es\/blog\/#\/schema\/logo\/image\/"}},{"@type":"Person","@id":"https:\/\/www.google-sky.es\/blog\/#\/schema\/person\/ffb7038735a98db15c2660d3434319aa","name":"admin","image":{"@type":"ImageObject","inLanguage":"es","@id":"https:\/\/www.google-sky.es\/blog\/#\/schema\/person\/image\/","url":"https:\/\/secure.gravatar.com\/avatar\/e57761ab13aa8d11553053a9e71fad5fc3a424237db7259dd2b6d457ad424dd2?s=96&d=mm&r=g","contentUrl":"https:\/\/secure.gravatar.com\/avatar\/e57761ab13aa8d11553053a9e71fad5fc3a424237db7259dd2b6d457ad424dd2?s=96&d=mm&r=g","caption":"admin"},"sameAs":["https:\/\/www.google-sky.es\/blog"],"url":"https:\/\/www.google-sky.es\/blog\/author\/g-sky\/"},{"@type":"Question","@id":"https:\/\/www.google-sky.es\/blog\/eclipse-total-2027-espana\/#faq-question-1772813112877","position":1,"url":"https:\/\/www.google-sky.es\/blog\/eclipse-total-2027-espana\/#faq-question-1772813112877","name":"\u00bfA qu\u00e9 hora es el eclipse del 2 de agosto de 2027?","answerCount":1,"acceptedAnswer":{"@type":"Answer","text":"En Espa\u00f1a, el eclipse comenzar\u00e1 parcialmente alrededor de las 09:40 de la ma\u00f1ana. El punto m\u00e1ximo (totalidad) ocurrir\u00e1 entre las 10:45 y las 11:00, dependiendo de la ubicaci\u00f3n.","inLanguage":"es"},"inLanguage":"es"},{"@type":"Question","@id":"https:\/\/www.google-sky.es\/blog\/eclipse-total-2027-espana\/#faq-question-1772813125116","position":2,"url":"https:\/\/www.google-sky.es\/blog\/eclipse-total-2027-espana\/#faq-question-1772813125116","name":"\u00bfD\u00f3nde durar\u00e1 m\u00e1s el eclipse en Espa\u00f1a?","answerCount":1,"acceptedAnswer":{"@type":"Answer","text":"Ceuta ser\u00e1 el punto con mayor duraci\u00f3n de la oscuridad total, alcanzando los 4 minutos y 48 segundos. En la pen\u00ednsula, Algeciras y Tarifa superar\u00e1n los 4 minutos y 30 segundos.","inLanguage":"es"},"inLanguage":"es"},{"@type":"Question","@id":"https:\/\/www.google-sky.es\/blog\/eclipse-total-2027-espana\/#faq-question-1772813138708","position":3,"url":"https:\/\/www.google-sky.es\/blog\/eclipse-total-2027-espana\/#faq-question-1772813138708","name":"\u00bfSe ver\u00e1 el eclipse de 2027 en Madrid?","answerCount":1,"acceptedAnswer":{"@type":"Answer","text":"En Madrid el eclipse ser\u00e1 parcial. Se llegar\u00e1 a cubrir el 86% del disco solar, lo que provocar\u00e1 una notable bajada de luminosidad y temperatura, pero no llegar\u00e1 a hacerse de noche como en el sur.","inLanguage":"es"},"inLanguage":"es"},{"@type":"Question","@id":"https:\/\/www.google-sky.es\/blog\/eclipse-total-2027-espana\/#faq-question-1772814056355","position":4,"url":"https:\/\/www.google-sky.es\/blog\/eclipse-total-2027-espana\/#faq-question-1772814056355","name":"\u00bfEn qu\u00e9 ciudades de Espa\u00f1a ser\u00e1 total el eclipse de 2027?","answerCount":1,"acceptedAnswer":{"@type":"Answer","text":"La franja de totalidad cruzar\u00e1 el extremo sur de la Pen\u00ednsula Ib\u00e9rica y las ciudades aut\u00f3nomas. Las principales localidades donde se podr\u00e1 ver el eclipse solar total (100% de oscuridad) son <strong>Ceuta, Melilla, C\u00e1diz, Algeciras, Tarifa, San Fernando, Chiclana de la Frontera, Marbella, Estepona y M\u00e1laga<\/strong>. En estas zonas, la Luna cubrir\u00e1 por completo el Sol durante varios minutos, permitiendo ver la corona solar a simple vista.","inLanguage":"es"},"inLanguage":"es"}]}},"_links":{"self":[{"href":"https:\/\/www.google-sky.es\/blog\/wp-json\/wp\/v2\/posts\/1025","targetHints":{"allow":["GET"]}}],"collection":[{"href":"https:\/\/www.google-sky.es\/blog\/wp-json\/wp\/v2\/posts"}],"about":[{"href":"https:\/\/www.google-sky.es\/blog\/wp-json\/wp\/v2\/types\/post"}],"author":[{"embeddable":true,"href":"https:\/\/www.google-sky.es\/blog\/wp-json\/wp\/v2\/users\/1"}],"replies":[{"embeddable":true,"href":"https:\/\/www.google-sky.es\/blog\/wp-json\/wp\/v2\/comments?post=1025"}],"version-history":[{"count":3,"href":"https:\/\/www.google-sky.es\/blog\/wp-json\/wp\/v2\/posts\/1025\/revisions"}],"predecessor-version":[{"id":1031,"href":"https:\/\/www.google-sky.es\/blog\/wp-json\/wp\/v2\/posts\/1025\/revisions\/1031"}],"wp:featuredmedia":[{"embeddable":true,"href":"https:\/\/www.google-sky.es\/blog\/wp-json\/wp\/v2\/media\/228"}],"wp:attachment":[{"href":"https:\/\/www.google-sky.es\/blog\/wp-json\/wp\/v2\/media?parent=1025"}],"wp:term":[{"taxonomy":"category","embeddable":true,"href":"https:\/\/www.google-sky.es\/blog\/wp-json\/wp\/v2\/categories?post=1025"},{"taxonomy":"post_tag","embeddable":true,"href":"https:\/\/www.google-sky.es\/blog\/wp-json\/wp\/v2\/tags?post=1025"}],"curies":[{"name":"wp","href":"https:\/\/api.w.org\/{rel}","templated":true}]}}