{"id":1037,"date":"2026-03-07T19:53:44","date_gmt":"2026-03-07T18:53:44","guid":{"rendered":"https:\/\/www.google-sky.es\/blog\/?p=1037"},"modified":"2026-03-07T19:55:20","modified_gmt":"2026-03-07T18:55:20","slug":"modificacion-genetica-espacio","status":"publish","type":"post","link":"https:\/\/www.google-sky.es\/blog\/modificacion-genetica-espacio\/","title":{"rendered":"Ingenier\u00eda gen\u00e9tica: El escudo biol\u00f3gico para conquistar el Cosmos"},"content":{"rendered":"\n<p>El espacio exterior es, por definici\u00f3n, un lugar hostil para la vida humana. Durante millones de a\u00f1os, nuestra biolog\u00eda se ha moldeado bajo la protecci\u00f3n de la atm\u00f3sfera terrestre, pero para ser una especie multiplanetaria, la <strong>modificaci\u00f3n gen\u00e9tica<\/strong> se presenta como nuestra mejor aliada ante nuestra propia fragilidad biol\u00f3gica.<\/p>\n\n\n\n<p>La soluci\u00f3n que barajan astrobi\u00f3logos y expertos en bio\u00e9tica no es solo construir mejores naves, sino recurrir a la <strong>modificaci\u00f3n gen\u00e9tica<\/strong> para editarnos a nosotros mismos.<\/p>\n\n\n\n<blockquote class=\"wp-block-quote has-background is-layout-flow wp-block-quote-is-layout-flow\" style=\"background-color:#f5f5f5\">\n<p><em><strong>\ud83d\udca1 \u00bfSab\u00edas que&#8230;?<\/strong> Los cient\u00edficos est\u00e1n estudiando a los <strong>Tard\u00edgrados<\/strong> (osos de agua), capaces de sobrevivir al vac\u00edo del espacio y a radiaciones letales. El secreto est\u00e1 en una prote\u00edna llamada <em>Dsup<\/em> que \u00abblinda\u00bb su ADN; ya existen experimentos exitosos transfiriendo esa resistencia a c\u00e9lulas humanas mediante <strong>modificaci\u00f3n gen\u00e9tica<\/strong> en laboratorios de vanguardia.<\/em><\/p>\n<\/blockquote>\n\n\n\n<h2 class=\"wp-block-heading\">Los \u00abEnemigos\u00bb de la supervivencia espacial<\/h2>\n\n\n\n<p>Para entender por qu\u00e9 necesitamos la <strong>modificaci\u00f3n gen\u00e9tica<\/strong>, debemos comprender a qu\u00e9 nos enfrentamos fuera de la Tierra. El cuerpo humano experimenta cambios dr\u00e1sticos en el espacio:<\/p>\n\n\n\n<h3 class=\"wp-block-heading\">1. El bombardeo de la Radiaci\u00f3n C\u00f3smica<\/h3>\n\n\n\n<p>Fuera de la magnetosfera terrestre, los astronautas est\u00e1n expuestos a un flujo constante de part\u00edculas de alta energ\u00eda que act\u00faan como \u00abbalas microsc\u00f3picas\u00bb fragmentando el ADN.<\/p>\n\n\n\n<p>Para combatir esto, la ingenier\u00eda busca insertar el gen de la prote\u00edna <strong>Dsup<\/strong> de los tard\u00edgrados en humanos. Experimentos en la Universidad de Kioto han demostrado que esta t\u00e9cnica reduce el da\u00f1o por rayos X en un <strong>40%<\/strong>. En el futuro, los colonos espaciales podr\u00edan recibir una terapia g\u00e9nica que \u00abinstale\u00bb este escudo en sus propias c\u00e9lulas antes de partir hacia Marte.<\/p>\n\n\n\n<h3 class=\"wp-block-heading\">2. La degradaci\u00f3n en Microgravedad<\/h3>\n\n\n\n<p>Sin el \u00abpeso\u00bb de la Tierra, nuestros huesos pierden calcio a un ritmo del 1% mensual y los m\u00fasculos se atrofian. La <strong>modificaci\u00f3n gen\u00e9tica<\/strong> permitir\u00eda alterar la expresi\u00f3n de la miostatina para mantener la masa muscular sin necesidad de ejercicio extenuante y evitar la osteoporosis espacial.<\/p>\n\n\n\n<blockquote class=\"wp-block-quote has-background is-layout-flow wp-block-quote-is-layout-flow\" style=\"background-color:#f5f5f5\">\n<p>\ud83d\udc49 <a href=\"https:\/\/www.google-sky.es\/blog\/index.php\/2025\/12\/23\/efectos-de-la-microgravedad\/\" target=\"_blank\" rel=\"noreferrer noopener\">Efectos de la microgravedad en el cuerpo humano<\/a><\/p>\n<\/blockquote>\n\n\n\n<h3 class=\"wp-block-heading\">3. El estr\u00e9s oxidativo y el envejecimiento acelerado<\/h3>\n\n\n\n<p>El entorno espacial acelera el envejecimiento celular. Mediante la tecnolog\u00eda <strong>CRISPR-Cas9<\/strong>, podr\u00edamos alargar los tel\u00f3meros (las puntas de nuestros cromosomas) para permitir que las c\u00e9lulas se regeneren de forma m\u00e1s eficiente durante viajes que pueden durar a\u00f1os.<\/p>\n\n\n\n<h2 class=\"wp-block-heading\">Tabla de adaptaciones para colonos espaciales<\/h2>\n\n\n\n<p>A continuaci\u00f3n, resumimos las modificaciones gen\u00e9ticas que podr\u00edan ser est\u00e1ndar para los colonos espaciales del futuro:<\/p>\n\n\n\n<figure class=\"wp-block-table\"><table class=\"has-fixed-layout\"><thead><tr><td><strong>Desaf\u00edo Espacial<\/strong><\/td><td><strong>\u00d3rgano Afectado<\/strong><\/td><td><strong>Modificaci\u00f3n Propuesta<\/strong><\/td><\/tr><\/thead><tbody><tr><td><strong>Radiaci\u00f3n gamma\/c\u00f3smica<\/strong><\/td><td>ADN \/ C\u00e9lulas<\/td><td>Inserci\u00f3n de genes de radiorresistencia<\/td><\/tr><tr><td><strong>Microgravedad<\/strong><\/td><td>Huesos y M\u00fasculos<\/td><td>Bloqueo de la Miostatina (masa muscular)<\/td><\/tr><tr><td><strong>Falta de luz solar<\/strong><\/td><td>Sistema Inmune<\/td><td>Mejora en la s\u00edntesis de vitaminas<\/td><\/tr><tr><td><strong>Aislamiento y estr\u00e9s<\/strong><\/td><td>Sistema Nervioso<\/td><td>Regulaci\u00f3n de dopamina y cortisol<\/td><\/tr><tr><td><strong>Atm\u00f3sferas artificiales<\/strong><\/td><td>Sistema Respiratorio<\/td><td>Mayor eficiencia en ox\u00edgeno<\/td><\/tr><\/tbody><\/table><\/figure>\n\n\n\n<h2 class=\"wp-block-heading\">La prueba real: El caso de los gemelos Kelly<\/h2>\n\n\n\n<p>No hace falta mirar a un futuro lejano para ver c\u00f3mo el cosmos afecta a nuestra biolog\u00eda. La NASA ya realiz\u00f3 un experimento hist\u00f3rico con los <strong>gemelos astronautas<\/strong> Scott y Mark Kelly. Mientras Scott pas\u00f3 un a\u00f1o en la Estaci\u00f3n Espacial Internacional, su hermano Mark se qued\u00f3 en la Tierra como grupo de control.<\/p>\n\n\n\n<p>Al regresar, los cient\u00edficos descubrieron que la expresi\u00f3n gen\u00e9tica de Scott hab\u00eda cambiado: su cuerpo estaba en \u00abalerta m\u00e1xima\u00bb intentando reparar los da\u00f1os causados por la radiaci\u00f3n y la microgravedad. <\/p>\n\n\n\n<blockquote class=\"wp-block-quote has-background is-layout-flow wp-block-quote-is-layout-flow\" style=\"background-color:#f5f5f5\">\n<p>\ud83d\udc49 <a href=\"https:\/\/www.google-sky.es\/blog\/gemelos-astronautas\/\">Los gemelos astronautas: c\u00f3mo el espacio los hizo diferentes<\/a><\/p>\n<\/blockquote>\n\n\n\n<h2 class=\"wp-block-heading\">El papel de la tecnolog\u00eda CRISPR<\/h2>\n\n\n\n<p>Actualmente, la herramienta CRISPR funciona como unas \u00abtijeras moleculares\u00bb. Ya se est\u00e1 utilizando para curar enfermedades raras en la Tierra, pero agencias espaciales observan c\u00f3mo esta <strong>modificaci\u00f3n gen\u00e9tica<\/strong> podr\u00eda aplicarse para optimizar nuestra biolog\u00eda para un entorno que no perdona errores.<\/p>\n\n\n\n<h2 class=\"wp-block-heading\">FAQS: Ingenier\u00eda gen\u00e9tica<\/h2>\n\n\n\n<div class=\"schema-faq wp-block-yoast-faq-block\"><div class=\"schema-faq-section\" id=\"faq-question-1772908514695\"><strong class=\"schema-faq-question\">\u00bfPodr\u00edamos vivir en Marte sin trajes espaciales gracias a la gen\u00e9tica?<\/strong> <p class=\"schema-faq-answer\">No. Aunque la gen\u00e9tica nos proteja de la radiaci\u00f3n, seguimos necesitando presi\u00f3n atmosf\u00e9rica y ox\u00edgeno. La ingenier\u00eda biol\u00f3gica es un complemento a la tecnolog\u00eda, no un sustituto.<\/p> <\/div> <div class=\"schema-faq-section\" id=\"faq-question-1772908537420\"><strong class=\"schema-faq-question\">\u00bfQu\u00e9 son los Gemelos Kelly y qu\u00e9 ense\u00f1aron a la NASA?<\/strong> <p class=\"schema-faq-answer\">Scott Kelly pas\u00f3 un a\u00f1o en el espacio mientras su gemelo Mark se qued\u00f3 en la Tierra. Al volver, se descubri\u00f3 que la expresi\u00f3n gen\u00e9tica de Scott hab\u00eda cambiado intentando reparar los da\u00f1os del espacio, lo que demuestra que la adaptaci\u00f3n gen\u00e9tica ser\u00e1 clave.<\/p> <\/div> <div class=\"schema-faq-section\" id=\"faq-question-1772908556663\"><strong class=\"schema-faq-question\">\u00bfCu\u00e1ndo veremos a los primeros astronautas modificados?<\/strong> <p class=\"schema-faq-answer\">Probablemente no en las pr\u00f3ximas misiones a la Luna, pero para una estancia permanente en Marte (prevista para las d\u00e9cadas de 2030 o 2040), la suplementaci\u00f3n gen\u00e9tica o farmacogen\u00e9tica ser\u00e1 un tema de debate central en la selecci\u00f3n de candidatos.<\/p> <\/div> <\/div>\n\n\n\n<hr class=\"wp-block-separator has-alpha-channel-opacity\"\/>\n\n\n\n<h2 class=\"wp-block-heading\">Publicaciones relacionadas<\/h2>\n\n\n<style>\n        .relacionados-item-mini {\n            display: flex;\n            gap: 12px;\n            margin-bottom: 12px;\n            align-items: center;\n            padding-bottom: 10px;\n            border-bottom: 1px dotted #ddd;\n        }\n        .relacionados-image-mini {\n            flex: 0 0 70px;\n            width: 70px;\n            height: 70px;\n        }\n        .relacionados-image-mini img {\n            width: 70px;\n            height: 70px;\n            object-fit: cover;\n            border-radius: 3px;\n            display: block;\n        }\n        .relacionados-content-mini {\n            flex: 1;\n        }\n        .relacionados-content-mini h4 {\n            margin: 0 0 3px 0 !important;\n            font-size: 1.05em !important;\n            line-height: 1.2;\n        }\n        .relacionados-content-mini h4 a {\n            text-decoration: none;\n            color: #222;\n            transition: color 0.2s ease;\n        }\n        .relacionados-content-mini h4 a:hover {\n            color: #0073aa !important;\n        }\n        .relacionados-content-mini p {\n            margin: 0;\n            font-size: 0.85em;\n            color: #666;\n            line-height: 1.3;\n        }\n\n        @media (max-width: 600px) {\n            .relacionados-content-mini p {\n                display: none;\n            }\n            .relacionados-item-mini {\n                gap: 15px;\n                align-items: center;\n            }\n            .relacionados-content-mini h4 {\n                font-size: 1em !important;\n                margin: 0 !important;\n            }\n        }\n    <\/style><div class=\"lista-relacionados-mini\"><div class=\"relacionados-item-mini\"><div class=\"relacionados-image-mini\"><a href=\"https:\/\/www.google-sky.es\/blog\/que-pasaria-si-la-tierra-se-detuviera\/\"><img loading=\"lazy\" decoding=\"async\" width=\"70\" height=\"70\" src=\"https:\/\/www.google-sky.es\/blog\/wp-content\/uploads\/2025\/04\/The_Earth_seen_from_Apollo_17-150x150.jpg\" class=\"attachment-70x70 size-70x70 wp-post-image\" alt=\"Es una de las im\u00e1genes m\u00e1s ic\u00f3nicas de la Tierra, mostrando el planeta entero iluminado por el Sol\" srcset=\"https:\/\/www.google-sky.es\/blog\/wp-content\/uploads\/2025\/04\/The_Earth_seen_from_Apollo_17-150x150.jpg 150w, https:\/\/www.google-sky.es\/blog\/wp-content\/uploads\/2025\/04\/The_Earth_seen_from_Apollo_17-300x300.jpg 300w, https:\/\/www.google-sky.es\/blog\/wp-content\/uploads\/2025\/04\/The_Earth_seen_from_Apollo_17-1024x1024.jpg 1024w, https:\/\/www.google-sky.es\/blog\/wp-content\/uploads\/2025\/04\/The_Earth_seen_from_Apollo_17-768x769.jpg 768w, https:\/\/www.google-sky.es\/blog\/wp-content\/uploads\/2025\/04\/The_Earth_seen_from_Apollo_17.jpg 1079w\" sizes=\"auto, (max-width: 70px) 100vw, 70px\" \/><\/a><\/div><div class=\"relacionados-content-mini\"><h4><a href=\"https:\/\/www.google-sky.es\/blog\/que-pasaria-si-la-tierra-se-detuviera\/\">\u00bfQu\u00e9 pasar\u00eda si la Tierra dejara de girar? Las 5 consecuencias m\u00e1s aterradoras<\/a><\/h4><p>\u00bfQu\u00e9 pasar\u00eda si la Tierra se detuviera de repente? Aunque parezca el&hellip;<\/p><\/div><\/div><div class=\"relacionados-item-mini\"><div class=\"relacionados-image-mini\"><a href=\"https:\/\/www.google-sky.es\/blog\/ciencia-fallout-fusion-fria\/\"><img loading=\"lazy\" decoding=\"async\" width=\"70\" height=\"70\" src=\"https:\/\/www.google-sky.es\/blog\/wp-content\/uploads\/2026\/01\/fusion-fria-fallout-150x150.png\" class=\"attachment-70x70 size-70x70 wp-post-image\" alt=\"Ilustraci\u00f3n de un n\u00facleo de fusi\u00f3n fr\u00eda de Fallout brillando con energ\u00eda azul en un entorno postapocal\u00edptico con galaxias al fondo.\" srcset=\"https:\/\/www.google-sky.es\/blog\/wp-content\/uploads\/2026\/01\/fusion-fria-fallout-150x150.png 150w, https:\/\/www.google-sky.es\/blog\/wp-content\/uploads\/2026\/01\/fusion-fria-fallout-300x300.png 300w, https:\/\/www.google-sky.es\/blog\/wp-content\/uploads\/2026\/01\/fusion-fria-fallout-1024x1024.png 1024w, https:\/\/www.google-sky.es\/blog\/wp-content\/uploads\/2026\/01\/fusion-fria-fallout-768x768.png 768w, https:\/\/www.google-sky.es\/blog\/wp-content\/uploads\/2026\/01\/fusion-fria-fallout.png 1200w\" sizes=\"auto, (max-width: 70px) 100vw, 70px\" \/><\/a><\/div><div class=\"relacionados-content-mini\"><h4><a href=\"https:\/\/www.google-sky.es\/blog\/ciencia-fallout-fusion-fria\/\">La ciencia de Fallout: \u00bfEs real la fusi\u00f3n fr\u00eda?<\/a><\/h4><p>El \u00e9xito de la serie ha devuelto a la actualidad la ciencia&hellip;<\/p><\/div><\/div><div class=\"relacionados-item-mini\"><div class=\"relacionados-image-mini\"><a href=\"https:\/\/www.google-sky.es\/blog\/life-is-strange-viajes-tiempo-realidades-paralelas\/\"><img loading=\"lazy\" decoding=\"async\" width=\"70\" height=\"70\" src=\"https:\/\/www.google-sky.es\/blog\/wp-content\/uploads\/2026\/01\/life-is-strange-viajes-tiempo-realidades-paralelas-150x150.png\" class=\"attachment-70x70 size-70x70 wp-post-image\" alt=\"Explicaci\u00f3n cient\u00edfica sobre viajes en el tiempo y realidades paralelas en Life is Strange\" \/><\/a><\/div><div class=\"relacionados-content-mini\"><h4><a href=\"https:\/\/www.google-sky.es\/blog\/life-is-strange-viajes-tiempo-realidades-paralelas\/\">Life is Strange Reunion: \u00bfSon posibles los viajes en el tiempo y realidades paralelas?<\/a><\/h4><p>Los fans de la saga estamos de enhorabuena: a finales de marzo&hellip;<\/p><\/div><\/div><div class=\"relacionados-item-mini\"><div class=\"relacionados-image-mini\"><a href=\"https:\/\/www.google-sky.es\/blog\/por-que-estrellas-parpadean\/\"><img loading=\"lazy\" decoding=\"async\" width=\"70\" height=\"70\" src=\"https:\/\/www.google-sky.es\/blog\/wp-content\/uploads\/2025\/04\/Orion_Belt-150x150.jpg\" class=\"attachment-70x70 size-70x70 wp-post-image\" alt=\"El Cintur\u00f3n de Ori\u00f3n: Las tres estrellas m\u00e1s brillantes de esta famosa constelaci\u00f3n son Alnitak, Alnilam y Mintaka, formando una l\u00ednea recta que es f\u00e1cilmente visible en el cielo nocturno.\" \/><\/a><\/div><div class=\"relacionados-content-mini\"><h4><a href=\"https:\/\/www.google-sky.es\/blog\/por-que-estrellas-parpadean\/\">\u00bfPor qu\u00e9 algunas estrellas parpadean? La explicaci\u00f3n cient\u00edfica<\/a><\/h4><p>Si alguna vez has observado el cielo nocturno \ud83c\udf0c, seguramente te has&hellip;<\/p><\/div><\/div><div class=\"relacionados-item-mini\"><div class=\"relacionados-image-mini\"><a href=\"https:\/\/www.google-sky.es\/blog\/gemelos-astronautas\/\"><img loading=\"lazy\" decoding=\"async\" width=\"70\" height=\"70\" src=\"https:\/\/www.google-sky.es\/blog\/wp-content\/uploads\/2025\/12\/gemelos-astronautas-150x150.png\" class=\"attachment-70x70 size-70x70 wp-post-image\" alt=\"Los gemelos astronautas: c\u00f3mo el espacio los hizo diferentes\" srcset=\"https:\/\/www.google-sky.es\/blog\/wp-content\/uploads\/2025\/12\/gemelos-astronautas-150x150.png 150w, https:\/\/www.google-sky.es\/blog\/wp-content\/uploads\/2025\/12\/gemelos-astronautas-300x300.png 300w, https:\/\/www.google-sky.es\/blog\/wp-content\/uploads\/2025\/12\/gemelos-astronautas-1024x1024.png 1024w, https:\/\/www.google-sky.es\/blog\/wp-content\/uploads\/2025\/12\/gemelos-astronautas-768x768.png 768w, https:\/\/www.google-sky.es\/blog\/wp-content\/uploads\/2025\/12\/gemelos-astronautas.png 1200w\" sizes=\"auto, (max-width: 70px) 100vw, 70px\" \/><\/a><\/div><div class=\"relacionados-content-mini\"><h4><a href=\"https:\/\/www.google-sky.es\/blog\/gemelos-astronautas\/\">Los gemelos astronautas: c\u00f3mo el espacio los hizo diferentes<\/a><\/h4><p>\u00cdndice de contenidos El caso de los gemelos astronautas Un experimento \u00fanico&hellip;<\/p><\/div><\/div><\/div>\n","protected":false},"excerpt":{"rendered":"<p>El espacio exterior es, por definici\u00f3n, un lugar hostil para la vida humana. Durante millones de a\u00f1os, nuestra biolog\u00eda se ha moldeado bajo la protecci\u00f3n&hellip;<\/p>\n","protected":false},"author":1,"featured_media":1038,"comment_status":"closed","ping_status":"closed","sticky":false,"template":"","format":"standard","meta":{"_sitemap_exclude":false,"_sitemap_priority":"","_sitemap_frequency":"","footnotes":""},"categories":[19],"tags":[205],"class_list":["post-1037","post","type-post","status-publish","format-standard","has-post-thumbnail","hentry","category-astronomia-cosmos","tag-curiosidades"],"yoast_head":"<!-- This site is optimized with the Yoast SEO plugin v27.1.1 - https:\/\/yoast.com\/product\/yoast-seo-wordpress\/ -->\n<title>Modificaci\u00f3n Gen\u00e9tica para vivir en el Espacio: \u00bfHumanos 2.0? - Google Sky<\/title>\n<meta name=\"description\" content=\"\u00bfPodremos sobrevivir en Marte? Descubre c\u00f3mo la modificaci\u00f3n gen\u00e9tica y la tecnolog\u00eda CRISPR nos proteger\u00e1n de la radiaci\u00f3n y la falta de gravedad en el futuro.\" \/>\n<meta name=\"robots\" content=\"index, follow, max-snippet:-1, max-image-preview:large, max-video-preview:-1\" \/>\n<link rel=\"canonical\" href=\"https:\/\/www.google-sky.es\/blog\/modificacion-genetica-espacio\/\" \/>\n<meta property=\"og:locale\" content=\"es_ES\" \/>\n<meta property=\"og:type\" content=\"article\" \/>\n<meta property=\"og:title\" content=\"Ingenier\u00eda gen\u00e9tica: El escudo biol\u00f3gico para conquistar el Cosmos\" \/>\n<meta property=\"og:description\" content=\"\u00bfPodremos sobrevivir en Marte? Descubre c\u00f3mo la modificaci\u00f3n gen\u00e9tica y la tecnolog\u00eda CRISPR nos proteger\u00e1n de la radiaci\u00f3n y la falta de gravedad en el futuro.\" \/>\n<meta property=\"og:url\" content=\"https:\/\/www.google-sky.es\/blog\/modificacion-genetica-espacio\/\" \/>\n<meta property=\"og:site_name\" content=\"Google Sky\" \/>\n<meta property=\"article:published_time\" content=\"2026-03-07T18:53:44+00:00\" \/>\n<meta property=\"article:modified_time\" content=\"2026-03-07T18:55:20+00:00\" \/>\n<meta property=\"og:image\" content=\"https:\/\/www.google-sky.es\/blog\/wp-content\/uploads\/2026\/03\/modificacion_genetica_espacio.png\" \/>\n\t<meta property=\"og:image:width\" content=\"1408\" \/>\n\t<meta property=\"og:image:height\" content=\"768\" \/>\n\t<meta property=\"og:image:type\" content=\"image\/png\" \/>\n<meta name=\"author\" content=\"admin\" \/>\n<meta name=\"twitter:card\" content=\"summary_large_image\" \/>\n<meta name=\"twitter:label1\" content=\"Escrito por\" \/>\n\t<meta name=\"twitter:data1\" content=\"admin\" \/>\n\t<meta name=\"twitter:label2\" content=\"Tiempo de lectura\" \/>\n\t<meta name=\"twitter:data2\" content=\"4 minutos\" \/>\n<script type=\"application\/ld+json\" class=\"yoast-schema-graph\">{\"@context\":\"https:\/\/schema.org\",\"@graph\":[{\"@type\":\"Article\",\"@id\":\"https:\/\/www.google-sky.es\/blog\/modificacion-genetica-espacio\/#article\",\"isPartOf\":{\"@id\":\"https:\/\/www.google-sky.es\/blog\/modificacion-genetica-espacio\/\"},\"author\":{\"name\":\"admin\",\"@id\":\"https:\/\/www.google-sky.es\/blog\/#\/schema\/person\/ffb7038735a98db15c2660d3434319aa\"},\"headline\":\"Ingenier\u00eda gen\u00e9tica: El escudo biol\u00f3gico para conquistar el Cosmos\",\"datePublished\":\"2026-03-07T18:53:44+00:00\",\"dateModified\":\"2026-03-07T18:55:20+00:00\",\"mainEntityOfPage\":{\"@id\":\"https:\/\/www.google-sky.es\/blog\/modificacion-genetica-espacio\/\"},\"wordCount\":856,\"publisher\":{\"@id\":\"https:\/\/www.google-sky.es\/blog\/#organization\"},\"image\":{\"@id\":\"https:\/\/www.google-sky.es\/blog\/modificacion-genetica-espacio\/#primaryimage\"},\"thumbnailUrl\":\"https:\/\/www.google-sky.es\/blog\/wp-content\/uploads\/2026\/03\/modificacion_genetica_espacio.png\",\"keywords\":[\"Curiosidades del Espacio: Cine, Mitos y Ciencia\"],\"articleSection\":[\"Astronom\u00eda y Cosmos\"],\"inLanguage\":\"es\"},{\"@type\":[\"WebPage\",\"ItemPage\",\"FAQPage\"],\"@id\":\"https:\/\/www.google-sky.es\/blog\/modificacion-genetica-espacio\/\",\"url\":\"https:\/\/www.google-sky.es\/blog\/modificacion-genetica-espacio\/\",\"name\":\"Modificaci\u00f3n Gen\u00e9tica para vivir en el Espacio: \u00bfHumanos 2.0? - Google Sky\",\"isPartOf\":{\"@id\":\"https:\/\/www.google-sky.es\/blog\/#website\"},\"primaryImageOfPage\":{\"@id\":\"https:\/\/www.google-sky.es\/blog\/modificacion-genetica-espacio\/#primaryimage\"},\"image\":{\"@id\":\"https:\/\/www.google-sky.es\/blog\/modificacion-genetica-espacio\/#primaryimage\"},\"thumbnailUrl\":\"https:\/\/www.google-sky.es\/blog\/wp-content\/uploads\/2026\/03\/modificacion_genetica_espacio.png\",\"datePublished\":\"2026-03-07T18:53:44+00:00\",\"dateModified\":\"2026-03-07T18:55:20+00:00\",\"description\":\"\u00bfPodremos sobrevivir en Marte? Descubre c\u00f3mo la modificaci\u00f3n gen\u00e9tica y la tecnolog\u00eda CRISPR nos proteger\u00e1n de la radiaci\u00f3n y la falta de gravedad en el futuro.\",\"breadcrumb\":{\"@id\":\"https:\/\/www.google-sky.es\/blog\/modificacion-genetica-espacio\/#breadcrumb\"},\"mainEntity\":[{\"@id\":\"https:\/\/www.google-sky.es\/blog\/modificacion-genetica-espacio\/#faq-question-1772908514695\"},{\"@id\":\"https:\/\/www.google-sky.es\/blog\/modificacion-genetica-espacio\/#faq-question-1772908537420\"},{\"@id\":\"https:\/\/www.google-sky.es\/blog\/modificacion-genetica-espacio\/#faq-question-1772908556663\"}],\"inLanguage\":\"es\",\"potentialAction\":[{\"@type\":\"ReadAction\",\"target\":[\"https:\/\/www.google-sky.es\/blog\/modificacion-genetica-espacio\/\"]}]},{\"@type\":\"ImageObject\",\"inLanguage\":\"es\",\"@id\":\"https:\/\/www.google-sky.es\/blog\/modificacion-genetica-espacio\/#primaryimage\",\"url\":\"https:\/\/www.google-sky.es\/blog\/wp-content\/uploads\/2026\/03\/modificacion_genetica_espacio.png\",\"contentUrl\":\"https:\/\/www.google-sky.es\/blog\/wp-content\/uploads\/2026\/03\/modificacion_genetica_espacio.png\",\"width\":1408,\"height\":768,\"caption\":\"\u00bfEl ADN del futuro? La ingenier\u00eda gen\u00e9tica podr\u00eda ser la clave para que la humanidad sobreviva a la radiaci\u00f3n y los desaf\u00edos de vivir en el espacio.\"},{\"@type\":\"BreadcrumbList\",\"@id\":\"https:\/\/www.google-sky.es\/blog\/modificacion-genetica-espacio\/#breadcrumb\",\"itemListElement\":[{\"@type\":\"ListItem\",\"position\":1,\"name\":\"Portada\",\"item\":\"https:\/\/www.google-sky.es\/blog\/\"},{\"@type\":\"ListItem\",\"position\":2,\"name\":\"Astronom\u00eda y Cosmos\",\"item\":\"https:\/\/www.google-sky.es\/blog\/category\/astronomia-cosmos\/\"},{\"@type\":\"ListItem\",\"position\":3,\"name\":\"Ingenier\u00eda gen\u00e9tica: El escudo biol\u00f3gico para conquistar el Cosmos\"}]},{\"@type\":\"WebSite\",\"@id\":\"https:\/\/www.google-sky.es\/blog\/#website\",\"url\":\"https:\/\/www.google-sky.es\/blog\/\",\"name\":\"Google Sky\",\"description\":\"Google Sky: Sum\u00e9rgete en la astronom\u00eda y aprende sobre el Sistema Solar, los fascinantes planetas, la vida de las estrellas, los enigm\u00e1ticos agujeros negros y las bellas constelaciones. Art\u00edculos, noticias y curiosidades del cosmos.\",\"publisher\":{\"@id\":\"https:\/\/www.google-sky.es\/blog\/#organization\"},\"potentialAction\":[{\"@type\":\"SearchAction\",\"target\":{\"@type\":\"EntryPoint\",\"urlTemplate\":\"https:\/\/www.google-sky.es\/blog\/?s={search_term_string}\"},\"query-input\":{\"@type\":\"PropertyValueSpecification\",\"valueRequired\":true,\"valueName\":\"search_term_string\"}}],\"inLanguage\":\"es\"},{\"@type\":\"Organization\",\"@id\":\"https:\/\/www.google-sky.es\/blog\/#organization\",\"name\":\"Google Sky\",\"url\":\"https:\/\/www.google-sky.es\/blog\/\",\"logo\":{\"@type\":\"ImageObject\",\"inLanguage\":\"es\",\"@id\":\"https:\/\/www.google-sky.es\/blog\/#\/schema\/logo\/image\/\",\"url\":\"https:\/\/www.google-sky.es\/blog\/wp-content\/uploads\/2025\/04\/cropped-google_sky_logo.png\",\"contentUrl\":\"https:\/\/www.google-sky.es\/blog\/wp-content\/uploads\/2025\/04\/cropped-google_sky_logo.png\",\"width\":981,\"height\":333,\"caption\":\"Google Sky\"},\"image\":{\"@id\":\"https:\/\/www.google-sky.es\/blog\/#\/schema\/logo\/image\/\"}},{\"@type\":\"Person\",\"@id\":\"https:\/\/www.google-sky.es\/blog\/#\/schema\/person\/ffb7038735a98db15c2660d3434319aa\",\"name\":\"admin\",\"image\":{\"@type\":\"ImageObject\",\"inLanguage\":\"es\",\"@id\":\"https:\/\/www.google-sky.es\/blog\/#\/schema\/person\/image\/\",\"url\":\"https:\/\/secure.gravatar.com\/avatar\/e57761ab13aa8d11553053a9e71fad5fc3a424237db7259dd2b6d457ad424dd2?s=96&d=mm&r=g\",\"contentUrl\":\"https:\/\/secure.gravatar.com\/avatar\/e57761ab13aa8d11553053a9e71fad5fc3a424237db7259dd2b6d457ad424dd2?s=96&d=mm&r=g\",\"caption\":\"admin\"},\"sameAs\":[\"https:\/\/www.google-sky.es\/blog\"],\"url\":\"https:\/\/www.google-sky.es\/blog\/author\/g-sky\/\"},{\"@type\":\"Question\",\"@id\":\"https:\/\/www.google-sky.es\/blog\/modificacion-genetica-espacio\/#faq-question-1772908514695\",\"position\":1,\"url\":\"https:\/\/www.google-sky.es\/blog\/modificacion-genetica-espacio\/#faq-question-1772908514695\",\"name\":\"\u00bfPodr\u00edamos vivir en Marte sin trajes espaciales gracias a la gen\u00e9tica?\",\"answerCount\":1,\"acceptedAnswer\":{\"@type\":\"Answer\",\"text\":\"No. Aunque la gen\u00e9tica nos proteja de la radiaci\u00f3n, seguimos necesitando presi\u00f3n atmosf\u00e9rica y ox\u00edgeno. La ingenier\u00eda biol\u00f3gica es un complemento a la tecnolog\u00eda, no un sustituto.\",\"inLanguage\":\"es\"},\"inLanguage\":\"es\"},{\"@type\":\"Question\",\"@id\":\"https:\/\/www.google-sky.es\/blog\/modificacion-genetica-espacio\/#faq-question-1772908537420\",\"position\":2,\"url\":\"https:\/\/www.google-sky.es\/blog\/modificacion-genetica-espacio\/#faq-question-1772908537420\",\"name\":\"\u00bfQu\u00e9 son los Gemelos Kelly y qu\u00e9 ense\u00f1aron a la NASA?\",\"answerCount\":1,\"acceptedAnswer\":{\"@type\":\"Answer\",\"text\":\"Scott Kelly pas\u00f3 un a\u00f1o en el espacio mientras su gemelo Mark se qued\u00f3 en la Tierra. Al volver, se descubri\u00f3 que la expresi\u00f3n gen\u00e9tica de Scott hab\u00eda cambiado intentando reparar los da\u00f1os del espacio, lo que demuestra que la adaptaci\u00f3n gen\u00e9tica ser\u00e1 clave.\",\"inLanguage\":\"es\"},\"inLanguage\":\"es\"},{\"@type\":\"Question\",\"@id\":\"https:\/\/www.google-sky.es\/blog\/modificacion-genetica-espacio\/#faq-question-1772908556663\",\"position\":3,\"url\":\"https:\/\/www.google-sky.es\/blog\/modificacion-genetica-espacio\/#faq-question-1772908556663\",\"name\":\"\u00bfCu\u00e1ndo veremos a los primeros astronautas modificados?\",\"answerCount\":1,\"acceptedAnswer\":{\"@type\":\"Answer\",\"text\":\"Probablemente no en las pr\u00f3ximas misiones a la Luna, pero para una estancia permanente en Marte (prevista para las d\u00e9cadas de 2030 o 2040), la suplementaci\u00f3n gen\u00e9tica o farmacogen\u00e9tica ser\u00e1 un tema de debate central en la selecci\u00f3n de candidatos.\",\"inLanguage\":\"es\"},\"inLanguage\":\"es\"}]}<\/script>\n<!-- \/ Yoast SEO plugin. -->","yoast_head_json":{"title":"Modificaci\u00f3n Gen\u00e9tica para vivir en el Espacio: \u00bfHumanos 2.0? - Google Sky","description":"\u00bfPodremos sobrevivir en Marte? Descubre c\u00f3mo la modificaci\u00f3n gen\u00e9tica y la tecnolog\u00eda CRISPR nos proteger\u00e1n de la radiaci\u00f3n y la falta de gravedad en el futuro.","robots":{"index":"index","follow":"follow","max-snippet":"max-snippet:-1","max-image-preview":"max-image-preview:large","max-video-preview":"max-video-preview:-1"},"canonical":"https:\/\/www.google-sky.es\/blog\/modificacion-genetica-espacio\/","og_locale":"es_ES","og_type":"article","og_title":"Ingenier\u00eda gen\u00e9tica: El escudo biol\u00f3gico para conquistar el Cosmos","og_description":"\u00bfPodremos sobrevivir en Marte? Descubre c\u00f3mo la modificaci\u00f3n gen\u00e9tica y la tecnolog\u00eda CRISPR nos proteger\u00e1n de la radiaci\u00f3n y la falta de gravedad en el futuro.","og_url":"https:\/\/www.google-sky.es\/blog\/modificacion-genetica-espacio\/","og_site_name":"Google Sky","article_published_time":"2026-03-07T18:53:44+00:00","article_modified_time":"2026-03-07T18:55:20+00:00","og_image":[{"width":1408,"height":768,"url":"https:\/\/www.google-sky.es\/blog\/wp-content\/uploads\/2026\/03\/modificacion_genetica_espacio.png","type":"image\/png"}],"author":"admin","twitter_card":"summary_large_image","twitter_misc":{"Escrito por":"admin","Tiempo de lectura":"4 minutos"},"schema":{"@context":"https:\/\/schema.org","@graph":[{"@type":"Article","@id":"https:\/\/www.google-sky.es\/blog\/modificacion-genetica-espacio\/#article","isPartOf":{"@id":"https:\/\/www.google-sky.es\/blog\/modificacion-genetica-espacio\/"},"author":{"name":"admin","@id":"https:\/\/www.google-sky.es\/blog\/#\/schema\/person\/ffb7038735a98db15c2660d3434319aa"},"headline":"Ingenier\u00eda gen\u00e9tica: El escudo biol\u00f3gico para conquistar el Cosmos","datePublished":"2026-03-07T18:53:44+00:00","dateModified":"2026-03-07T18:55:20+00:00","mainEntityOfPage":{"@id":"https:\/\/www.google-sky.es\/blog\/modificacion-genetica-espacio\/"},"wordCount":856,"publisher":{"@id":"https:\/\/www.google-sky.es\/blog\/#organization"},"image":{"@id":"https:\/\/www.google-sky.es\/blog\/modificacion-genetica-espacio\/#primaryimage"},"thumbnailUrl":"https:\/\/www.google-sky.es\/blog\/wp-content\/uploads\/2026\/03\/modificacion_genetica_espacio.png","keywords":["Curiosidades del Espacio: Cine, Mitos y Ciencia"],"articleSection":["Astronom\u00eda y Cosmos"],"inLanguage":"es"},{"@type":["WebPage","ItemPage","FAQPage"],"@id":"https:\/\/www.google-sky.es\/blog\/modificacion-genetica-espacio\/","url":"https:\/\/www.google-sky.es\/blog\/modificacion-genetica-espacio\/","name":"Modificaci\u00f3n Gen\u00e9tica para vivir en el Espacio: \u00bfHumanos 2.0? - Google Sky","isPartOf":{"@id":"https:\/\/www.google-sky.es\/blog\/#website"},"primaryImageOfPage":{"@id":"https:\/\/www.google-sky.es\/blog\/modificacion-genetica-espacio\/#primaryimage"},"image":{"@id":"https:\/\/www.google-sky.es\/blog\/modificacion-genetica-espacio\/#primaryimage"},"thumbnailUrl":"https:\/\/www.google-sky.es\/blog\/wp-content\/uploads\/2026\/03\/modificacion_genetica_espacio.png","datePublished":"2026-03-07T18:53:44+00:00","dateModified":"2026-03-07T18:55:20+00:00","description":"\u00bfPodremos sobrevivir en Marte? Descubre c\u00f3mo la modificaci\u00f3n gen\u00e9tica y la tecnolog\u00eda CRISPR nos proteger\u00e1n de la radiaci\u00f3n y la falta de gravedad en el futuro.","breadcrumb":{"@id":"https:\/\/www.google-sky.es\/blog\/modificacion-genetica-espacio\/#breadcrumb"},"mainEntity":[{"@id":"https:\/\/www.google-sky.es\/blog\/modificacion-genetica-espacio\/#faq-question-1772908514695"},{"@id":"https:\/\/www.google-sky.es\/blog\/modificacion-genetica-espacio\/#faq-question-1772908537420"},{"@id":"https:\/\/www.google-sky.es\/blog\/modificacion-genetica-espacio\/#faq-question-1772908556663"}],"inLanguage":"es","potentialAction":[{"@type":"ReadAction","target":["https:\/\/www.google-sky.es\/blog\/modificacion-genetica-espacio\/"]}]},{"@type":"ImageObject","inLanguage":"es","@id":"https:\/\/www.google-sky.es\/blog\/modificacion-genetica-espacio\/#primaryimage","url":"https:\/\/www.google-sky.es\/blog\/wp-content\/uploads\/2026\/03\/modificacion_genetica_espacio.png","contentUrl":"https:\/\/www.google-sky.es\/blog\/wp-content\/uploads\/2026\/03\/modificacion_genetica_espacio.png","width":1408,"height":768,"caption":"\u00bfEl ADN del futuro? La ingenier\u00eda gen\u00e9tica podr\u00eda ser la clave para que la humanidad sobreviva a la radiaci\u00f3n y los desaf\u00edos de vivir en el espacio."},{"@type":"BreadcrumbList","@id":"https:\/\/www.google-sky.es\/blog\/modificacion-genetica-espacio\/#breadcrumb","itemListElement":[{"@type":"ListItem","position":1,"name":"Portada","item":"https:\/\/www.google-sky.es\/blog\/"},{"@type":"ListItem","position":2,"name":"Astronom\u00eda y Cosmos","item":"https:\/\/www.google-sky.es\/blog\/category\/astronomia-cosmos\/"},{"@type":"ListItem","position":3,"name":"Ingenier\u00eda gen\u00e9tica: El escudo biol\u00f3gico para conquistar el Cosmos"}]},{"@type":"WebSite","@id":"https:\/\/www.google-sky.es\/blog\/#website","url":"https:\/\/www.google-sky.es\/blog\/","name":"Google Sky","description":"Google Sky: Sum\u00e9rgete en la astronom\u00eda y aprende sobre el Sistema Solar, los fascinantes planetas, la vida de las estrellas, los enigm\u00e1ticos agujeros negros y las bellas constelaciones. Art\u00edculos, noticias y curiosidades del cosmos.","publisher":{"@id":"https:\/\/www.google-sky.es\/blog\/#organization"},"potentialAction":[{"@type":"SearchAction","target":{"@type":"EntryPoint","urlTemplate":"https:\/\/www.google-sky.es\/blog\/?s={search_term_string}"},"query-input":{"@type":"PropertyValueSpecification","valueRequired":true,"valueName":"search_term_string"}}],"inLanguage":"es"},{"@type":"Organization","@id":"https:\/\/www.google-sky.es\/blog\/#organization","name":"Google Sky","url":"https:\/\/www.google-sky.es\/blog\/","logo":{"@type":"ImageObject","inLanguage":"es","@id":"https:\/\/www.google-sky.es\/blog\/#\/schema\/logo\/image\/","url":"https:\/\/www.google-sky.es\/blog\/wp-content\/uploads\/2025\/04\/cropped-google_sky_logo.png","contentUrl":"https:\/\/www.google-sky.es\/blog\/wp-content\/uploads\/2025\/04\/cropped-google_sky_logo.png","width":981,"height":333,"caption":"Google Sky"},"image":{"@id":"https:\/\/www.google-sky.es\/blog\/#\/schema\/logo\/image\/"}},{"@type":"Person","@id":"https:\/\/www.google-sky.es\/blog\/#\/schema\/person\/ffb7038735a98db15c2660d3434319aa","name":"admin","image":{"@type":"ImageObject","inLanguage":"es","@id":"https:\/\/www.google-sky.es\/blog\/#\/schema\/person\/image\/","url":"https:\/\/secure.gravatar.com\/avatar\/e57761ab13aa8d11553053a9e71fad5fc3a424237db7259dd2b6d457ad424dd2?s=96&d=mm&r=g","contentUrl":"https:\/\/secure.gravatar.com\/avatar\/e57761ab13aa8d11553053a9e71fad5fc3a424237db7259dd2b6d457ad424dd2?s=96&d=mm&r=g","caption":"admin"},"sameAs":["https:\/\/www.google-sky.es\/blog"],"url":"https:\/\/www.google-sky.es\/blog\/author\/g-sky\/"},{"@type":"Question","@id":"https:\/\/www.google-sky.es\/blog\/modificacion-genetica-espacio\/#faq-question-1772908514695","position":1,"url":"https:\/\/www.google-sky.es\/blog\/modificacion-genetica-espacio\/#faq-question-1772908514695","name":"\u00bfPodr\u00edamos vivir en Marte sin trajes espaciales gracias a la gen\u00e9tica?","answerCount":1,"acceptedAnswer":{"@type":"Answer","text":"No. Aunque la gen\u00e9tica nos proteja de la radiaci\u00f3n, seguimos necesitando presi\u00f3n atmosf\u00e9rica y ox\u00edgeno. La ingenier\u00eda biol\u00f3gica es un complemento a la tecnolog\u00eda, no un sustituto.","inLanguage":"es"},"inLanguage":"es"},{"@type":"Question","@id":"https:\/\/www.google-sky.es\/blog\/modificacion-genetica-espacio\/#faq-question-1772908537420","position":2,"url":"https:\/\/www.google-sky.es\/blog\/modificacion-genetica-espacio\/#faq-question-1772908537420","name":"\u00bfQu\u00e9 son los Gemelos Kelly y qu\u00e9 ense\u00f1aron a la NASA?","answerCount":1,"acceptedAnswer":{"@type":"Answer","text":"Scott Kelly pas\u00f3 un a\u00f1o en el espacio mientras su gemelo Mark se qued\u00f3 en la Tierra. Al volver, se descubri\u00f3 que la expresi\u00f3n gen\u00e9tica de Scott hab\u00eda cambiado intentando reparar los da\u00f1os del espacio, lo que demuestra que la adaptaci\u00f3n gen\u00e9tica ser\u00e1 clave.","inLanguage":"es"},"inLanguage":"es"},{"@type":"Question","@id":"https:\/\/www.google-sky.es\/blog\/modificacion-genetica-espacio\/#faq-question-1772908556663","position":3,"url":"https:\/\/www.google-sky.es\/blog\/modificacion-genetica-espacio\/#faq-question-1772908556663","name":"\u00bfCu\u00e1ndo veremos a los primeros astronautas modificados?","answerCount":1,"acceptedAnswer":{"@type":"Answer","text":"Probablemente no en las pr\u00f3ximas misiones a la Luna, pero para una estancia permanente en Marte (prevista para las d\u00e9cadas de 2030 o 2040), la suplementaci\u00f3n gen\u00e9tica o farmacogen\u00e9tica ser\u00e1 un tema de debate central en la selecci\u00f3n de candidatos.","inLanguage":"es"},"inLanguage":"es"}]}},"_links":{"self":[{"href":"https:\/\/www.google-sky.es\/blog\/wp-json\/wp\/v2\/posts\/1037","targetHints":{"allow":["GET"]}}],"collection":[{"href":"https:\/\/www.google-sky.es\/blog\/wp-json\/wp\/v2\/posts"}],"about":[{"href":"https:\/\/www.google-sky.es\/blog\/wp-json\/wp\/v2\/types\/post"}],"author":[{"embeddable":true,"href":"https:\/\/www.google-sky.es\/blog\/wp-json\/wp\/v2\/users\/1"}],"replies":[{"embeddable":true,"href":"https:\/\/www.google-sky.es\/blog\/wp-json\/wp\/v2\/comments?post=1037"}],"version-history":[{"count":3,"href":"https:\/\/www.google-sky.es\/blog\/wp-json\/wp\/v2\/posts\/1037\/revisions"}],"predecessor-version":[{"id":1042,"href":"https:\/\/www.google-sky.es\/blog\/wp-json\/wp\/v2\/posts\/1037\/revisions\/1042"}],"wp:featuredmedia":[{"embeddable":true,"href":"https:\/\/www.google-sky.es\/blog\/wp-json\/wp\/v2\/media\/1038"}],"wp:attachment":[{"href":"https:\/\/www.google-sky.es\/blog\/wp-json\/wp\/v2\/media?parent=1037"}],"wp:term":[{"taxonomy":"category","embeddable":true,"href":"https:\/\/www.google-sky.es\/blog\/wp-json\/wp\/v2\/categories?post=1037"},{"taxonomy":"post_tag","embeddable":true,"href":"https:\/\/www.google-sky.es\/blog\/wp-json\/wp\/v2\/tags?post=1037"}],"curies":[{"name":"wp","href":"https:\/\/api.w.org\/{rel}","templated":true}]}}